{"id":930,"date":"2013-07-16T19:00:51","date_gmt":"2013-07-16T17:00:51","guid":{"rendered":"http:\/\/www.djk-erlangen.de\/verein\/?p=930"},"modified":"2013-07-17T12:55:18","modified_gmt":"2013-07-17T10:55:18","slug":"djk-kirchweih-7-8-juli","status":"publish","type":"post","link":"https:\/\/www.djk-erlangen.de\/verein\/?p=930","title":{"rendered":"<strong>Schee war&#8217;s<\/strong>:<br \/>32. DJK-Kirchweih am 13.\/14. Juli 2013"},"content":{"rendered":"<p><strong>\u00a0<\/strong><\/p>\n<p style=\"text-align: left;\"><a href=\"http:\/\/www.djk-erlangen.de\/verein\/wp-content\/uploads\/2013\/05\/poster-djk-kerwa-20131.jpg\"><img loading=\"lazy\" decoding=\"async\" class=\"size-medium wp-image-1192 alignright\" alt=\"poster-djk-kerwa-2013\" src=\"http:\/\/www.djk-erlangen.de\/verein\/wp-content\/uploads\/2013\/05\/poster-djk-kerwa-20131-213x300.jpg\" width=\"213\" height=\"300\" srcset=\"https:\/\/www.djk-erlangen.de\/verein\/wp-content\/uploads\/2013\/05\/poster-djk-kerwa-20131-213x300.jpg 213w, https:\/\/www.djk-erlangen.de\/verein\/wp-content\/uploads\/2013\/05\/poster-djk-kerwa-20131.jpg 361w\" sizes=\"auto, (max-width: 213px) 100vw, 213px\" \/><\/a><\/p>\n<p style=\"text-align: left;\">Die <strong>32. DJK-Kirchweih<\/strong> fand am <strong>13. <\/strong>und<strong> 14. Juli 2013<\/strong> auf dem DJK-Sportgel\u00e4nde statt.<\/p>\n<p style=\"text-align: left;\">Am Samstag spielte zum\u00a0<span style=\"line-height: 1.7em;\">Kirchweihbetrieb<\/span><span style=\"line-height: 1.7em;\"> auf der Terrasse\u00a0<\/span><span style=\"line-height: 1.7em;\">wie im letzten Jahr die Band\u00a0<\/span><em style=\"line-height: 1.7em;\"><a href=\"http:\/\/www.djk-erlangen.de\/verein\/?p=930\">Ca\u00f1a Que Que<\/a><\/em><span style=\"line-height: 1.7em;\">\u00a0mit heissem Latin-Rock auf.<br \/>\nPassend dazu hatte die Fu\u00dfballabteilung eine Cocktailbar aufgebaut, die bei bestem Sommerabendwetter auch entsprechend frequentiert war.<\/span><\/p>\n<p style=\"text-align: left;\">Der Sonntag begann um 10.30 Uhr mit dem traditionellen Open-Air-<span style=\"line-height: 1.7em;\">Kirchweihgottesdienst mit Pater Richard.<br \/>\nMit dem anschlie\u00dfenden fr\u00e4nkischen Mittagessen und \u00fcber den Tag verteilten gem\u00fctlichen Runden auf der Terrasse klang die DJK-Kerwa aus.<\/span><\/p>\n<p style=\"text-align: left;\"><strong>Gerne nehmen wir\u00a0<a href=\"http:\/\/www.djk-erlangen.de\/verein\/?p=930#comments\">hier<\/a>\u00a0Ihre <strong>Anregungen\/Meinungen\/Kommentare entgegen<\/strong>!<\/strong><\/p>\n<p style=\"text-align: left;\">\n","protected":false},"excerpt":{"rendered":"<p>\u00a0 Die 32. DJK-Kirchweih fand am 13. und 14. Juli 2013 auf dem DJK-Sportgel\u00e4nde statt. Am Samstag spielte zum\u00a0Kirchweihbetrieb auf der Terrasse\u00a0wie im letzten Jahr die Band\u00a0Ca\u00f1a Que Que\u00a0mit heissem Latin-Rock auf. Passend dazu hatte die Fu\u00dfballabteilung eine Cocktailbar aufgebaut, &hellip; <a href=\"https:\/\/www.djk-erlangen.de\/verein\/?p=930\">Weiterlesen <span class=\"meta-nav\">&rarr;<\/span><\/a><\/p>\n","protected":false},"author":12,"featured_media":0,"comment_status":"open","ping_status":"closed","sticky":false,"template":"","format":"standard","meta":{"jetpack_post_was_ever_published":false,"_jetpack_newsletter_access":"","_jetpack_dont_email_post_to_subs":false,"_jetpack_newsletter_tier_id":0,"_jetpack_memberships_contains_paywalled_content":false,"_jetpack_memberships_contains_paid_content":false,"footnotes":"","jetpack_publicize_message":"","jetpack_publicize_feature_enabled":true,"jetpack_social_post_already_shared":false,"jetpack_social_options":{"image_generator_settings":{"template":"highway","default_image_id":0,"font":"","enabled":false},"version":2}},"categories":[1,5],"tags":[],"class_list":["post-930","post","type-post","status-publish","format-standard","hentry","category-allgemein","category-gastro"],"jetpack_publicize_connections":[],"jetpack_featured_media_url":"","jetpack_sharing_enabled":true,"jetpack_shortlink":"https:\/\/wp.me\/p9Syja-f0","_links":{"self":[{"href":"https:\/\/www.djk-erlangen.de\/verein\/index.php?rest_route=\/wp\/v2\/posts\/930","targetHints":{"allow":["GET"]}}],"collection":[{"href":"https:\/\/www.djk-erlangen.de\/verein\/index.php?rest_route=\/wp\/v2\/posts"}],"about":[{"href":"https:\/\/www.djk-erlangen.de\/verein\/index.php?rest_route=\/wp\/v2\/types\/post"}],"author":[{"embeddable":true,"href":"https:\/\/www.djk-erlangen.de\/verein\/index.php?rest_route=\/wp\/v2\/users\/12"}],"replies":[{"embeddable":true,"href":"https:\/\/www.djk-erlangen.de\/verein\/index.php?rest_route=%2Fwp%2Fv2%2Fcomments&post=930"}],"version-history":[{"count":23,"href":"https:\/\/www.djk-erlangen.de\/verein\/index.php?rest_route=\/wp\/v2\/posts\/930\/revisions"}],"predecessor-version":[{"id":1210,"href":"https:\/\/www.djk-erlangen.de\/verein\/index.php?rest_route=\/wp\/v2\/posts\/930\/revisions\/1210"}],"wp:attachment":[{"href":"https:\/\/www.djk-erlangen.de\/verein\/index.php?rest_route=%2Fwp%2Fv2%2Fmedia&parent=930"}],"wp:term":[{"taxonomy":"category","embeddable":true,"href":"https:\/\/www.djk-erlangen.de\/verein\/index.php?rest_route=%2Fwp%2Fv2%2Fcategories&post=930"},{"taxonomy":"post_tag","embeddable":true,"href":"https:\/\/www.djk-erlangen.de\/verein\/index.php?rest_route=%2Fwp%2Fv2%2Ftags&post=930"}],"curies":[{"name":"wp","href":"https:\/\/api.w.org\/{rel}","templated":true}]}}