{"id":909,"date":"2012-04-29T11:43:21","date_gmt":"2012-04-29T09:43:21","guid":{"rendered":"http:\/\/www.djk-erlangen.de\/verein\/?p=909"},"modified":"2018-09-12T17:42:28","modified_gmt":"2018-09-12T15:42:28","slug":"bericht-jahreshauptversammlung","status":"publish","type":"post","link":"https:\/\/www.djk-erlangen.de\/verein\/?p=909","title":{"rendered":"Bericht Jahreshauptversammlung"},"content":{"rendered":"<p>Am 23.03.2012 fand die Jahreshauptversammlung der DJK Erlangen e.V. statt.<br \/>\nNach Entlastung der Vorstandschaft folgte die Neuwahl. Wiedergew\u00e4hlt als erster und zweiter Vorstand wurden Matthias Distler und Gerhard Trapper, weitere Vorstandsmitglieder sind der ebenfalls wiedergew\u00e4hlte Uwe W\u00fcstner, sowie als neue Mitglieder Dr. Matthias Langhans und Peter Scherneck.<br \/>\nAngenommen wurde eine Satzungs\u00e4nderung, die neben einigen kleineren Formalien die Einrichtung der ehrenamtlichen Stelle eines Gesch\u00e4ftsf\u00fchrers beinhaltet. Diese Position wird von Roland R\u00f6del besetzt werden.<br \/>\nGeehrt wurden: mit der Silbernen Ehrennadel f\u00fcr 25 Jahre Mitgliedschaft: Lieselotte Rall-Wei\u00df, Roland Friedrich, Stefan R\u00fcttinger, Willi Trapper, Hans-Bernd Wenzky; mit der Goldenen Ehrennadel f\u00fcr 40 Jahre Mitgliedschaft: Angelika Neul\u00e4ndtner, Mia Riesenbeck, Roman Goreczka, Hanns Kuen, Gerd Nagengast, Bernd Nassutt, Josef Neul\u00e4ndtner; f\u00fcr 50 Jahre Mitgliedschaft: Siegfried H\u00e4ndel, Georg Maier, Rudolf Waldh\u00fctter; f\u00fcr 60 Jahre Mitgliedschaft: Horst Burkhard, Emil Kern, Adam Schonath; zu Ehrenmitgliedern ernannt wurden: Siegfried H\u00e4ndel und Edwin Distler.<br \/>\nDie am Vereinsgel\u00e4nde dringendst notwendige Dachsanierung (die EN berichteten) ist inzwischen an den beiden Hauptgeb\u00e4uden weitgehend abgeschlossen. M\u00f6glich wurde dies nur durch eine erfolgreiche Spendenaktion unter dem Motto \u201eHelfen und Gewinnen\u201c. Unter den zahlreichen Spendern aus Vereinsmitgliedern und externen G\u00f6nnern wurden die Gewinner vielf\u00e4ltiger gespendeter Preise ermittelt. Die Preise werden im Rahmen einer gro\u00dfen Dacheinweihungsfeier im Mai oder Juni \u00fcbergeben werden. Wir werden uns erlauben Sie als Vertreter der Presse hierzu noch einzuladen. Nachdem weitere Sanierungsarbeiten noch dringend notwendig sind, bleibt das Spendenkonto eingerichtet: Kto-Nr. 48866, Sparkasse Erlangen, BLZ 76350000, Stichwort \u201eHelfen zum sanieren und gewinnen\u201c.<\/p>\n","protected":false},"excerpt":{"rendered":"<p>Am 23.03.2012 fand die Jahreshauptversammlung der DJK Erlangen e.V. statt. Nach Entlastung der Vorstandschaft folgte die Neuwahl. Wiedergew\u00e4hlt als erster und zweiter Vorstand wurden Matthias Distler und Gerhard Trapper, weitere Vorstandsmitglieder sind der ebenfalls wiedergew\u00e4hlte Uwe W\u00fcstner, sowie als neue &hellip; <a href=\"https:\/\/www.djk-erlangen.de\/verein\/?p=909\">Weiterlesen <span class=\"meta-nav\">&rarr;<\/span><\/a><\/p>\n","protected":false},"author":5,"featured_media":0,"comment_status":"closed","ping_status":"closed","sticky":false,"template":"","format":"standard","meta":{"jetpack_post_was_ever_published":false,"_jetpack_newsletter_access":"","_jetpack_dont_email_post_to_subs":false,"_jetpack_newsletter_tier_id":0,"_jetpack_memberships_contains_paywalled_content":false,"_jetpack_memberships_contains_paid_content":false,"footnotes":"","jetpack_publicize_message":"","jetpack_publicize_feature_enabled":true,"jetpack_social_post_already_shared":false,"jetpack_social_options":{"image_generator_settings":{"template":"highway","default_image_id":0,"font":"","enabled":false},"version":2}},"categories":[1],"tags":[],"class_list":["post-909","post","type-post","status-publish","format-standard","hentry","category-allgemein"],"jetpack_publicize_connections":[],"jetpack_featured_media_url":"","jetpack_sharing_enabled":true,"jetpack_shortlink":"https:\/\/wp.me\/p9Syja-eF","_links":{"self":[{"href":"https:\/\/www.djk-erlangen.de\/verein\/index.php?rest_route=\/wp\/v2\/posts\/909","targetHints":{"allow":["GET"]}}],"collection":[{"href":"https:\/\/www.djk-erlangen.de\/verein\/index.php?rest_route=\/wp\/v2\/posts"}],"about":[{"href":"https:\/\/www.djk-erlangen.de\/verein\/index.php?rest_route=\/wp\/v2\/types\/post"}],"author":[{"embeddable":true,"href":"https:\/\/www.djk-erlangen.de\/verein\/index.php?rest_route=\/wp\/v2\/users\/5"}],"replies":[{"embeddable":true,"href":"https:\/\/www.djk-erlangen.de\/verein\/index.php?rest_route=%2Fwp%2Fv2%2Fcomments&post=909"}],"version-history":[{"count":3,"href":"https:\/\/www.djk-erlangen.de\/verein\/index.php?rest_route=\/wp\/v2\/posts\/909\/revisions"}],"predecessor-version":[{"id":912,"href":"https:\/\/www.djk-erlangen.de\/verein\/index.php?rest_route=\/wp\/v2\/posts\/909\/revisions\/912"}],"wp:attachment":[{"href":"https:\/\/www.djk-erlangen.de\/verein\/index.php?rest_route=%2Fwp%2Fv2%2Fmedia&parent=909"}],"wp:term":[{"taxonomy":"category","embeddable":true,"href":"https:\/\/www.djk-erlangen.de\/verein\/index.php?rest_route=%2Fwp%2Fv2%2Fcategories&post=909"},{"taxonomy":"post_tag","embeddable":true,"href":"https:\/\/www.djk-erlangen.de\/verein\/index.php?rest_route=%2Fwp%2Fv2%2Ftags&post=909"}],"curies":[{"name":"wp","href":"https:\/\/api.w.org\/{rel}","templated":true}]}}