{"id":903,"date":"2012-04-12T18:16:59","date_gmt":"2012-04-12T16:16:59","guid":{"rendered":"http:\/\/www.djk-erlangen.de\/verein\/?p=903"},"modified":"2012-04-14T10:42:20","modified_gmt":"2012-04-14T08:42:20","slug":"aktuelles-fruhjahr-2012","status":"publish","type":"post","link":"https:\/\/www.djk-erlangen.de\/verein\/?p=903","title":{"rendered":"Aktuelles Fr\u00fchjahr 2012"},"content":{"rendered":"<p>Liebe Mitglieder und Freunde der DJK,<\/p>\n<p>herzlich willkommen zur Fr\u00fchjahrs- und Sommersaison am Alterlanger See bei der DJK.<\/p>\n<p>Wir sind mitten im Aufbruch. Die Fu\u00dfballabteilung hat in dieser Saison etliche neue Spieler und Mannschaften gewinnen k\u00f6nnen, bei den Handballern wuselt es im Minitraining auch ganz stark und bei Tennis sind f\u00fcr die Jugendarbeit Wurzeln gelegt die es nun auszubauen gilt.<\/p>\n<p>Aber auch am Geb\u00e4ude Gesamtverein bl\u00fcht es kr\u00e4ftig. Zum einen nat\u00fcrlich am Geb\u00e4ude selbst. In zwei beeindruckenden Arbeitseins\u00e4tzen im November und M\u00e4rz mit jeweils deutlich \u00fcber 25 Helfern, gr\u00f6\u00dftenteils aus der Fu\u00dfballabteilung, wurde die Schindeln und die Lattung der D\u00e4cher der beiden Geb\u00e4ude abgetragen und entsorgt. Mittlerweile wurden auch die Kupferbleche verwertet , so dass da nochmals ein bisschen Baugeld erl\u00f6st werden konnte. Den Helfern dieser beiden Samstage nochmals ein herzliches Vergelt&#8217;s Gott.<\/p>\n<p>Nach diesen Arbeitsdiensten stieg uns jeweils die Firma Schmidt aus Forchheim aufs Dach und montierte das neue Blechdach. Trotz erster Bedenken, kann man jetzt durchaus feststellen dass es gut ausschaut. Wenn\u00a0 es auch auf die Dauer h\u00e4lt was es verspricht kann man sagen dass es f\u00fcr das wenige vorhandene Geld die beste L\u00f6sung ist.<\/p>\n<p>Am Samstag 19. Mai wollen wir die Dacheinweihung dann offiziell feiern. Wir laden\u00a0 hierzu alle Spender und Helfer auf das Vereinsgel\u00e4nde ein um sich das Ergebnis dieses Bauabschnittes anzuschauen. An diesem Tag erfolgt auch die \u00dcbergabe der auf der Hauptversammlung ausgelosten Gewinne der Spendenaktion.<\/p>\n<p><!--more-->Die Aktion brachte in den letzten zwei Jahren \u00fcber 14.000 Euro ein, aber es geht weiter. Die Max- und Justine-Elsner-Stiftung hat uns stolze 5.000 Euro zukommen lassen mit der Auflage dieses Geld in die Jugendarbeit zu stecken. Wir werden jetzt schauen in welcher Art und Weise dies am Besten gelingen kann. Es werden zur Zeit zwei Varianten diskutiert. Als erster Schritt daf\u00fcr wird jetzt im Fr\u00fchjahr bereits eine Bew\u00e4sserung in den B-Platz eingebaut.<\/p>\n<p>Aus dem Geb\u00e4udesanierungsprojekt steht jetzt noch der Bau von zwei Solarmodulen f\u00fcr die Warmwasserbereitung und der Anschluss der neuen Boiler an die Tenniskabinen an. Wir hoffen dann in den Duschen noch ein paar gr\u00f6\u00dfere Nebenarbeiten noch gleich mit erledigen zu k\u00f6nnen.<\/p>\n<p>Auf der Hauptversammlung am 23.M\u00e4rz gab es neben dem Bau und der Gewinnverlosung noch zwei weitere zentrale Punkte. Eine Satzungs\u00e4nderung und Neuwahlen. Die Satzung werden wir nach erfolgter Eintragung beim Registergericht auf der Homepage des Vereins hinterlegen und im n\u00e4chsten Heft noch kurz vorstellen.<\/p>\n<p>Bei den Neuwahlen gab es ein paar \u00c4nderungen. Nachdem Edwin Distler vor zwei Jahren das Amt des Schriftf\u00fchrers abgab, kandidierte Siggi H\u00e4ndel , wie bereits schon l\u00e4nger angek\u00fcndigt nicht mehr als Schatzmeister. Beiden wurde nach der Wahl vom Vorstand die Ehrenmitgliedschaft verlieren. Sowohl Siggi H\u00e4ndel als auch Edwin Distler sind seit vielen Jahrzehnten (gemeinsam bringen sie problemlos ein Jahrhundert ehrenamtliches Engagement im DJK-Vorstand zusammen) das Gesicht der DJK Erlangen. Die Ernennung zum Ehrenmitglied ist eine der wenigen M\u00f6glichkeiten wie ein Verein f\u00fcr soviel Einsatz Dank sagen. Daher herzlichen Dank f\u00fcr Euren Einsatz !<\/p>\n<p>Die Neuwahlen gaben dem Vorstand ein leicht ver\u00e4ndertes Gesicht. Matthias Distler und Gerhard Trapper bleiben als 1. und 2. Vorsitzender im Amt. Weitere Vorstandsmitglieder sind Uwe W\u00fcstner , wie bisher schon und neu Dr. Matthias Langhans und Peter Scherneck. Unterst\u00fctzt wird das Team von einem ehrenamtlichen Gesch\u00e4ftsf\u00fchrer. Diese Funktion wurde neu geschaffen um die zentralen Funktionen Mitgliederverwaltung, Finanzen und Gesch\u00e4ftsstelle zu b\u00fcndeln. Wir freuen uns sehr dass Roland R\u00f6del, langj\u00e4hriger Torh\u00fcter\u00a0 unserer Fu\u00dfballer und als Vater in die Betreuung der D-Jugend mit eingebunden, sich hier bereit\u00a0 erkl\u00e4rt hat Zeit und Know-How einzubringen.<\/p>\n<p>Wir hoffen mit diesem Team die Weichen f\u00fcr das n\u00e4chste Jahrzehnt bei der DJK-Erlangen gestellt zu haben. Die Zeiten f\u00fcr kleine Sportvereine wie uns sind nicht leicht. Aber mit Einsatz und DJK-Geist k\u00f6nnen wir uns sicherlich noch weiter als wichtiger Verein in Erlangen behaupten. Gerade die zahlreichen Helfer bei den Dachaktionen haben bewiesen wie Verein geht und dass es sich ebenso wie als \u00dcbungsleiter oder Mannschaftsspieler lohnt f\u00fcr andere und den eigenen Verein einzusetzen und dass man selbst dann auch etwas, n\u00e4mlich ein gutes Gef\u00fchl, hat.<\/p>\n<p>Zum Schlu\u00df m\u00f6chte ich Sie\/Euch noch auf ein paar Termine aufmerksam machen, und zwar vor allem auf das Wochenende 7.\/8. Juli, dort findet zum einen unsere traditionelle DJK-Kirchweih statt, leider k\u00f6nnen wir zum jetzigen Zeitpunkt noch nicht mitteilen welche Band am Samstagabend spielen wird, zum anderen ist am 8. auch wieder ein gro\u00dfes Sport- und Spielfest im Wiesengrund geplant. Auftakt wird dabei ein Sternlauf sein, wobei die kleinsten bei uns am Gel\u00e4nde so gegen 10 Uhr starten werden. Anschlie\u00dfend ist dann um 10.30 Uhr wieder Kirchweihgottesdienst mit Pater Richard.<\/p>\n","protected":false},"excerpt":{"rendered":"<p>Liebe Mitglieder und Freunde der DJK, herzlich willkommen zur Fr\u00fchjahrs- und Sommersaison am Alterlanger See bei der DJK. Wir sind mitten im Aufbruch. Die Fu\u00dfballabteilung hat in dieser Saison etliche neue Spieler und Mannschaften gewinnen k\u00f6nnen, bei den Handballern wuselt &hellip; <a href=\"https:\/\/www.djk-erlangen.de\/verein\/?p=903\">Weiterlesen <span class=\"meta-nav\">&rarr;<\/span><\/a><\/p>\n","protected":false},"author":5,"featured_media":0,"comment_status":"open","ping_status":"open","sticky":false,"template":"","format":"standard","meta":{"jetpack_post_was_ever_published":false,"_jetpack_newsletter_access":"","_jetpack_dont_email_post_to_subs":false,"_jetpack_newsletter_tier_id":0,"_jetpack_memberships_contains_paywalled_content":false,"_jetpack_memberships_contains_paid_content":false,"footnotes":"","jetpack_publicize_message":"","jetpack_publicize_feature_enabled":true,"jetpack_social_post_already_shared":false,"jetpack_social_options":{"image_generator_settings":{"template":"highway","default_image_id":0,"font":"","enabled":false},"version":2}},"categories":[1],"tags":[],"class_list":["post-903","post","type-post","status-publish","format-standard","hentry","category-allgemein"],"jetpack_publicize_connections":[],"jetpack_featured_media_url":"","jetpack_sharing_enabled":true,"jetpack_shortlink":"https:\/\/wp.me\/p9Syja-ez","_links":{"self":[{"href":"https:\/\/www.djk-erlangen.de\/verein\/index.php?rest_route=\/wp\/v2\/posts\/903","targetHints":{"allow":["GET"]}}],"collection":[{"href":"https:\/\/www.djk-erlangen.de\/verein\/index.php?rest_route=\/wp\/v2\/posts"}],"about":[{"href":"https:\/\/www.djk-erlangen.de\/verein\/index.php?rest_route=\/wp\/v2\/types\/post"}],"author":[{"embeddable":true,"href":"https:\/\/www.djk-erlangen.de\/verein\/index.php?rest_route=\/wp\/v2\/users\/5"}],"replies":[{"embeddable":true,"href":"https:\/\/www.djk-erlangen.de\/verein\/index.php?rest_route=%2Fwp%2Fv2%2Fcomments&post=903"}],"version-history":[{"count":4,"href":"https:\/\/www.djk-erlangen.de\/verein\/index.php?rest_route=\/wp\/v2\/posts\/903\/revisions"}],"predecessor-version":[{"id":906,"href":"https:\/\/www.djk-erlangen.de\/verein\/index.php?rest_route=\/wp\/v2\/posts\/903\/revisions\/906"}],"wp:attachment":[{"href":"https:\/\/www.djk-erlangen.de\/verein\/index.php?rest_route=%2Fwp%2Fv2%2Fmedia&parent=903"}],"wp:term":[{"taxonomy":"category","embeddable":true,"href":"https:\/\/www.djk-erlangen.de\/verein\/index.php?rest_route=%2Fwp%2Fv2%2Fcategories&post=903"},{"taxonomy":"post_tag","embeddable":true,"href":"https:\/\/www.djk-erlangen.de\/verein\/index.php?rest_route=%2Fwp%2Fv2%2Ftags&post=903"}],"curies":[{"name":"wp","href":"https:\/\/api.w.org\/{rel}","templated":true}]}}