{"id":801,"date":"2011-10-11T19:37:23","date_gmt":"2011-10-11T17:37:23","guid":{"rendered":"http:\/\/www.djk-erlangen.de\/verein\/?p=801"},"modified":"2012-02-23T20:35:54","modified_gmt":"2012-02-23T19:35:54","slug":"die-sanierung-beginnt","status":"publish","type":"post","link":"https:\/\/www.djk-erlangen.de\/verein\/?p=801","title":{"rendered":"Die Sanierung geht weiter !"},"content":{"rendered":"<p>Die Sanierung von Dach 1 also des Umkleidetrakts ist jetzt fertig,<\/p>\n<p>die noch fehlenden Einblechungen der Gauben und Abschlussleisten sind gesetzt.<\/p>\n<p>Und <strong>DANK zahlreicher Helfer<\/strong> konnte das Ger\u00fcst auch genutzt werden um die Holzfassade zu streichen.<\/p>\n<p>Der Ger\u00fcstbauer wird in den n\u00e4chsten Tagen\u00a0 nun ein Haus weiterziehen und das Ger\u00fcst an das Wirtschaftsgeb\u00e4ude\u00a0 versetzen.<\/p>\n<p>Mitte M\u00e4rz wird dann das Dach des 2. Geb\u00e4udes in Angriff genommen, damit die Dachsanierung bis zum Beginn der Terrassensaison abgeschlossen sein.<\/p>\n<p>Dann stehen noch etliche Arbeiten\u00a0 im Kabinentrakt an und auch am B-Platz muss zumindest ein zus\u00e4tzliches Kleinfeld bespielbar gemacht werden.<\/p>\n<p>Dies ist nur mit der tatkr\u00e4ftigen Unterst\u00fctzung der Mitglieder zu schaffen, aber die letzten Wochen und Monate haben gezeigt dass dieses Gemeinschaftswerk\u00a0 m\u00f6glich ist.<\/p>\n<p><strong>Vielen Dank den zahlreichen Helfern beim Arbeitseinsatz zum Baubeginn.<\/strong><\/p>\n<p><strong>So geht Verein !<\/strong><\/p>\n<p><strong>Herzlichen Dank ! Auch an die Spender !<\/strong><\/p>\n<p>Die wichtigsten Vorkl\u00e4rungen sind abgeschlossen. Der Finanzrahmen ist ausgelotet. Die Angebote f\u00fcr das Dach gesichtet.<br \/>\nKlar ist, jetzt beginnen 2 Bauabschnitte, zum einen die Erneuerung des Daches, zum anderen die Renovierung von Umkleidekabinen und Duschen.<\/p>\n<p>Spannend war die Frage, welches Dachmaterial ist best\u00e4ndig und trotzdem bezahlbar. \u00dcbrig geblieben ist dunkelbraunes Stahlblech.<br \/>\nDie Arbeiten daran starten jetzt Mitte November, so dass bis Weihnachten hoffentlich Haus A und Haus B neu gedeckt sind.<\/p>\n<p>Zuvor wird bereits der neue Warmwasser-Boiler in den Duschen montiert.<br \/>\nDurch den erfreulichen Zuwachs an Mannschaften im Jugendbereich schaffte der bestehende Boiler die Aufbereitung der erforderlichen Warmwassermengen f\u00fcr Mannschaften, Schiedsrichter und Tennisspieler nicht mehr.<\/p>\n<p>Die weiteren Schritte im Umkleidetrakt (Fliesen, Armaturen, Leitungen, Solarmodul) stehen dann im Fr\u00fchjahr an. Wenn das Geld reicht, soll auch der B-Platz noch neu begr\u00fcnt und mit einer Wasserversorgung versehen werden.<\/p>\n<p>Dank Ihrer Hilfe haben wir jetzt schon ein Eigenkapital zusammen, das uns die wichtigsten Schritte machen l\u00e4sst, aber unsere W\u00fcnsche &#8211; eigentlich sind es schon l\u00e4ngst Notwendigkeiten &#8211; k\u00f6nnen wir damit noch nicht alle abdecken. Es gibt also auch in 2012 und dar\u00fcber hinaus noch viel zu tun, um unser DJK-Vereinsgel\u00e4nde in einem sportlich-attraktiven Zustand zu erhalten.<\/p>\n<p>Das Spendenkonto bleibt weiter ge\u00f6ffnet und wir sind f\u00fcr jede Spende (auch in Zeit und Material), die uns gemeinsam diese notwendigen Schritte gehen l\u00e4sst, sehr dankbar.<\/p>\n<p>Nachdem jetzt Baubeginn ist, steht demn\u00e4chst auch die Verlosung von Sachpreisen f\u00fcr die Spender an.<br \/>\nWie das genau erfolgt, wird im n\u00e4chsten Vereinsheft und dann auch hier im Netz zu lesen sein.<\/p>\n","protected":false},"excerpt":{"rendered":"<p>Die Sanierung von Dach 1 also des Umkleidetrakts ist jetzt fertig, die noch fehlenden Einblechungen der Gauben und Abschlussleisten sind gesetzt. Und DANK zahlreicher Helfer konnte das Ger\u00fcst auch genutzt werden um die Holzfassade zu streichen. Der Ger\u00fcstbauer wird in &hellip; <a href=\"https:\/\/www.djk-erlangen.de\/verein\/?p=801\">Weiterlesen <span class=\"meta-nav\">&rarr;<\/span><\/a><\/p>\n","protected":false},"author":5,"featured_media":0,"comment_status":"open","ping_status":"open","sticky":false,"template":"","format":"standard","meta":{"jetpack_post_was_ever_published":false,"_jetpack_newsletter_access":"","_jetpack_dont_email_post_to_subs":false,"_jetpack_newsletter_tier_id":0,"_jetpack_memberships_contains_paywalled_content":false,"_jetpack_memberships_contains_paid_content":false,"footnotes":"","jetpack_publicize_message":"","jetpack_publicize_feature_enabled":true,"jetpack_social_post_already_shared":false,"jetpack_social_options":{"image_generator_settings":{"template":"highway","default_image_id":0,"font":"","enabled":false},"version":2}},"categories":[1],"tags":[],"class_list":["post-801","post","type-post","status-publish","format-standard","hentry","category-allgemein"],"jetpack_publicize_connections":[],"jetpack_featured_media_url":"","jetpack_sharing_enabled":true,"jetpack_shortlink":"https:\/\/wp.me\/p9Syja-cV","_links":{"self":[{"href":"https:\/\/www.djk-erlangen.de\/verein\/index.php?rest_route=\/wp\/v2\/posts\/801","targetHints":{"allow":["GET"]}}],"collection":[{"href":"https:\/\/www.djk-erlangen.de\/verein\/index.php?rest_route=\/wp\/v2\/posts"}],"about":[{"href":"https:\/\/www.djk-erlangen.de\/verein\/index.php?rest_route=\/wp\/v2\/types\/post"}],"author":[{"embeddable":true,"href":"https:\/\/www.djk-erlangen.de\/verein\/index.php?rest_route=\/wp\/v2\/users\/5"}],"replies":[{"embeddable":true,"href":"https:\/\/www.djk-erlangen.de\/verein\/index.php?rest_route=%2Fwp%2Fv2%2Fcomments&post=801"}],"version-history":[{"count":13,"href":"https:\/\/www.djk-erlangen.de\/verein\/index.php?rest_route=\/wp\/v2\/posts\/801\/revisions"}],"predecessor-version":[{"id":810,"href":"https:\/\/www.djk-erlangen.de\/verein\/index.php?rest_route=\/wp\/v2\/posts\/801\/revisions\/810"}],"wp:attachment":[{"href":"https:\/\/www.djk-erlangen.de\/verein\/index.php?rest_route=%2Fwp%2Fv2%2Fmedia&parent=801"}],"wp:term":[{"taxonomy":"category","embeddable":true,"href":"https:\/\/www.djk-erlangen.de\/verein\/index.php?rest_route=%2Fwp%2Fv2%2Fcategories&post=801"},{"taxonomy":"post_tag","embeddable":true,"href":"https:\/\/www.djk-erlangen.de\/verein\/index.php?rest_route=%2Fwp%2Fv2%2Ftags&post=801"}],"curies":[{"name":"wp","href":"https:\/\/api.w.org\/{rel}","templated":true}]}}