{"id":677,"date":"2017-03-05T08:00:58","date_gmt":"2017-03-05T07:00:58","guid":{"rendered":"http:\/\/www.djk-erlangen.de\/verein\/?p=677"},"modified":"2017-03-05T08:03:35","modified_gmt":"2017-03-05T07:03:35","slug":"jahreshauptversammlung-2011","status":"publish","type":"post","link":"https:\/\/www.djk-erlangen.de\/verein\/?p=677","title":{"rendered":"Jahreshauptversammlung 2017"},"content":{"rendered":"<p>Herzliche Einladung an alle Mitglieder zur<\/p>\n<h4 style=\"text-align: center;\">Jahreshauptversammlung<\/h4>\n<h4 style=\"text-align: center;\">am Freitag 31.M\u00e4rz 2017 um 19.30 Uhr im Saal<\/h4>\n<p style=\"text-align: center;\">Tagesordnung:<\/p>\n<p style=\"text-align: center;\">1. Bericht der Vorstandschaft<br \/>\n2. Berichte der Abteilungen<br \/>\n3. Kassenbericht<br \/>\n4. Bericht der Kassenpr\u00fcfer<br \/>\n5. Aussprache zu den Berichten<br \/>\n6. Ehrungen<br \/>\n7. Beitragsanpassung zum 1.1.2018<br \/>\n8. Antr\u00e4ge, Aussprache, Verschiedenes<\/p>\n<p>Antr\u00e4ge zu Punkten der Tagesordnung m\u00fcssen gem\u00e4\u00df Satzung bis 24.M\u00e4rz 2017, 7 Tage vor dem Termin der Mitgliederversammlung, schriftlich beim 1. Vorsitzenden eingereicht werden.<\/p>\n<p>Die endg\u00fcltige Tagesordnung wird sp\u00e4testens 5 Tage vor dem Versam\u00admlungs\u00adtermin, d.h. sp\u00e4testens am 26.M\u00e4rz 2017 durch Aushang am Vereinsheim sowie auf der Homepage des Vereins (<a href=\"http:\/\/www.djk-erlangen.de\">www.djk-erlangen.de<\/a>) ver\u00f6ffentlicht.<\/p>\n<p style=\"text-align: left;\">Wir freuen uns \u00fcber Ihre\/Eure Teilnahme<br \/>\nDie Vorstandschaft<\/p>\n","protected":false},"excerpt":{"rendered":"<p>Herzliche Einladung an alle Mitglieder zur Jahreshauptversammlung am Freitag 31.M\u00e4rz 2017 um 19.30 Uhr im Saal Tagesordnung: 1. Bericht der Vorstandschaft 2. Berichte der Abteilungen 3. Kassenbericht 4. Bericht der Kassenpr\u00fcfer 5. Aussprache zu den Berichten 6. Ehrungen 7. Beitragsanpassung &hellip; <a href=\"https:\/\/www.djk-erlangen.de\/verein\/?p=677\">Weiterlesen <span class=\"meta-nav\">&rarr;<\/span><\/a><\/p>\n","protected":false},"author":5,"featured_media":0,"comment_status":"open","ping_status":"open","sticky":false,"template":"","format":"standard","meta":{"jetpack_post_was_ever_published":false,"_jetpack_newsletter_access":"","_jetpack_dont_email_post_to_subs":false,"_jetpack_newsletter_tier_id":0,"_jetpack_memberships_contains_paywalled_content":false,"_jetpack_memberships_contains_paid_content":false,"footnotes":"","jetpack_publicize_message":"","jetpack_publicize_feature_enabled":true,"jetpack_social_post_already_shared":false,"jetpack_social_options":{"image_generator_settings":{"template":"highway","default_image_id":0,"font":"","enabled":false},"version":2}},"categories":[1],"tags":[],"class_list":["post-677","post","type-post","status-publish","format-standard","hentry","category-allgemein"],"jetpack_publicize_connections":[],"jetpack_featured_media_url":"","jetpack_sharing_enabled":true,"jetpack_shortlink":"https:\/\/wp.me\/p9Syja-aV","_links":{"self":[{"href":"https:\/\/www.djk-erlangen.de\/verein\/index.php?rest_route=\/wp\/v2\/posts\/677","targetHints":{"allow":["GET"]}}],"collection":[{"href":"https:\/\/www.djk-erlangen.de\/verein\/index.php?rest_route=\/wp\/v2\/posts"}],"about":[{"href":"https:\/\/www.djk-erlangen.de\/verein\/index.php?rest_route=\/wp\/v2\/types\/post"}],"author":[{"embeddable":true,"href":"https:\/\/www.djk-erlangen.de\/verein\/index.php?rest_route=\/wp\/v2\/users\/5"}],"replies":[{"embeddable":true,"href":"https:\/\/www.djk-erlangen.de\/verein\/index.php?rest_route=%2Fwp%2Fv2%2Fcomments&post=677"}],"version-history":[{"count":11,"href":"https:\/\/www.djk-erlangen.de\/verein\/index.php?rest_route=\/wp\/v2\/posts\/677\/revisions"}],"predecessor-version":[{"id":1946,"href":"https:\/\/www.djk-erlangen.de\/verein\/index.php?rest_route=\/wp\/v2\/posts\/677\/revisions\/1946"}],"wp:attachment":[{"href":"https:\/\/www.djk-erlangen.de\/verein\/index.php?rest_route=%2Fwp%2Fv2%2Fmedia&parent=677"}],"wp:term":[{"taxonomy":"category","embeddable":true,"href":"https:\/\/www.djk-erlangen.de\/verein\/index.php?rest_route=%2Fwp%2Fv2%2Fcategories&post=677"},{"taxonomy":"post_tag","embeddable":true,"href":"https:\/\/www.djk-erlangen.de\/verein\/index.php?rest_route=%2Fwp%2Fv2%2Ftags&post=677"}],"curies":[{"name":"wp","href":"https:\/\/api.w.org\/{rel}","templated":true}]}}