{"id":428,"date":"2010-08-19T21:53:00","date_gmt":"2010-08-19T19:53:00","guid":{"rendered":"http:\/\/www.djk-erlangen.de\/verein\/?p=428"},"modified":"2011-07-08T11:52:44","modified_gmt":"2011-07-08T09:52:44","slug":"dunkle-wolken-uber-dem-vereinsheim","status":"publish","type":"post","link":"https:\/\/www.djk-erlangen.de\/verein\/?p=428","title":{"rendered":"&#8222;Dunkle Wolken \u00fcber dem Vereinsheim&#8220;"},"content":{"rendered":"<p><strong>Artikel in den Erlanger Nachrichten vom 19.08.2010: <\/strong><br \/>\nGeb\u00e4ude am Alterlanger See ist sanierungsbed\u00fcrftig &#8211; Schlecht ist es um das  Sportheim der DJK im Erlanger Wiesengrund bestellt. Das Dach und die  Sanit\u00e4ranlagen sind stark sanierungsbed\u00fcrftig&#8230;.. <a title=\"Artikel EN\" href=\"http:\/\/www.nordbayern.de\/region\/erlangen\/dunkle-wolken-uber-dem-vereinsheim-1.106831\" target=\"_blank\">weiterlesen<\/a><\/p>\n","protected":false},"excerpt":{"rendered":"<p>Artikel in den Erlanger Nachrichten vom 19.08.2010: Geb\u00e4ude am Alterlanger See ist sanierungsbed\u00fcrftig &#8211; Schlecht ist es um das Sportheim der DJK im Erlanger Wiesengrund bestellt. Das Dach und die Sanit\u00e4ranlagen sind stark sanierungsbed\u00fcrftig&#8230;.. weiterlesen<\/p>\n","protected":false},"author":5,"featured_media":0,"comment_status":"open","ping_status":"open","sticky":false,"template":"","format":"standard","meta":{"jetpack_post_was_ever_published":false,"_jetpack_newsletter_access":"","_jetpack_dont_email_post_to_subs":false,"_jetpack_newsletter_tier_id":0,"_jetpack_memberships_contains_paywalled_content":false,"_jetpack_memberships_contains_paid_content":false,"footnotes":"","jetpack_publicize_message":"","jetpack_publicize_feature_enabled":true,"jetpack_social_post_already_shared":false,"jetpack_social_options":{"image_generator_settings":{"template":"highway","default_image_id":0,"font":"","enabled":false},"version":2}},"categories":[1],"tags":[],"class_list":["post-428","post","type-post","status-publish","format-standard","hentry","category-allgemein"],"jetpack_publicize_connections":[],"jetpack_featured_media_url":"","jetpack_sharing_enabled":true,"jetpack_shortlink":"https:\/\/wp.me\/p9Syja-6U","_links":{"self":[{"href":"https:\/\/www.djk-erlangen.de\/verein\/index.php?rest_route=\/wp\/v2\/posts\/428","targetHints":{"allow":["GET"]}}],"collection":[{"href":"https:\/\/www.djk-erlangen.de\/verein\/index.php?rest_route=\/wp\/v2\/posts"}],"about":[{"href":"https:\/\/www.djk-erlangen.de\/verein\/index.php?rest_route=\/wp\/v2\/types\/post"}],"author":[{"embeddable":true,"href":"https:\/\/www.djk-erlangen.de\/verein\/index.php?rest_route=\/wp\/v2\/users\/5"}],"replies":[{"embeddable":true,"href":"https:\/\/www.djk-erlangen.de\/verein\/index.php?rest_route=%2Fwp%2Fv2%2Fcomments&post=428"}],"version-history":[{"count":2,"href":"https:\/\/www.djk-erlangen.de\/verein\/index.php?rest_route=\/wp\/v2\/posts\/428\/revisions"}],"predecessor-version":[{"id":783,"href":"https:\/\/www.djk-erlangen.de\/verein\/index.php?rest_route=\/wp\/v2\/posts\/428\/revisions\/783"}],"wp:attachment":[{"href":"https:\/\/www.djk-erlangen.de\/verein\/index.php?rest_route=%2Fwp%2Fv2%2Fmedia&parent=428"}],"wp:term":[{"taxonomy":"category","embeddable":true,"href":"https:\/\/www.djk-erlangen.de\/verein\/index.php?rest_route=%2Fwp%2Fv2%2Fcategories&post=428"},{"taxonomy":"post_tag","embeddable":true,"href":"https:\/\/www.djk-erlangen.de\/verein\/index.php?rest_route=%2Fwp%2Fv2%2Ftags&post=428"}],"curies":[{"name":"wp","href":"https:\/\/api.w.org\/{rel}","templated":true}]}}