{"id":3876,"date":"2026-01-26T11:04:06","date_gmt":"2026-01-26T10:04:06","guid":{"rendered":"https:\/\/www.djk-erlangen.de\/verein\/?p=3876"},"modified":"2026-01-26T11:04:06","modified_gmt":"2026-01-26T10:04:06","slug":"stellungnahme-der-djk-erlangen-zum-vorfall-vom-25-januar-2026","status":"publish","type":"post","link":"https:\/\/www.djk-erlangen.de\/verein\/?p=3876","title":{"rendered":"Stellungnahme der DJK Erlangen zum Vorfall vom 25. Januar 2026"},"content":{"rendered":"\n<p>Die DJK Erlangen wurde am vergangenen Sonntag \u00fcber einen Vorfall informiert, bei dem es im und am Sportheim am Wiesenweg zu einer Auseinandersetzung zwischen zwei privaten Personengruppen gekommen ist. Nach Angaben der Polizei kam es dabei zu k\u00f6rperlichen \u00dcbergriffen, bei denen mehrere Personen verletzt wurden.<\/p>\n\n\n\n<p>Als Verein m\u00f6chten wir ausdr\u00fccklich betonen, dass wir uns <strong>klar und unmissverst\u00e4ndlich von jeglicher Form von Gewalt, Aggression oder respektlosem Verhalten distanzieren<\/strong>. Ereignisse dieser Art stehen im vollkommenen Widerspruch zu den Werten, f\u00fcr die die DJK Erlangen steht. Unser Verein versteht sich als Ort der Fairness, des Sportsgeistes, des respektvollen Miteinanders und der Gemeinschaft.<\/p>\n\n\n\n<p>Wir verurteilen solche Vorf\u00e4lle entschieden und bedauern, dass es zu dieser Eskalation gekommen ist. Gleichzeitig danken wir den eingesetzten Polizeikr\u00e4ften f\u00fcr ihr entschlossenes Eingreifen.<\/p>\n\n\n\n<p>Die DJK Erlangen wird den Vorfall intern sorgf\u00e4ltig aufarbeiten und \u2013 soweit notwendig \u2013 mit den zust\u00e4ndigen Beh\u00f6rden zusammenarbeiten, um zur Aufkl\u00e4rung beizutragen und sicherzustellen, dass sich ein solches Geschehen nicht wiederholt.<\/p>\n\n\n\n<p>Unser Ziel bleibt es, allen Menschen, die unser Sportgel\u00e4nde besuchen, ein <strong>sicheres und positives Umfeld<\/strong> zu bieten.<\/p>\n","protected":false},"excerpt":{"rendered":"<p>Die DJK Erlangen wurde am vergangenen Sonntag \u00fcber einen Vorfall informiert, bei dem es im und am Sportheim am Wiesenweg zu einer Auseinandersetzung zwischen zwei privaten Personengruppen gekommen ist. Nach Angaben der Polizei kam es dabei zu k\u00f6rperlichen \u00dcbergriffen, bei &hellip; <a href=\"https:\/\/www.djk-erlangen.de\/verein\/?p=3876\">Weiterlesen <span class=\"meta-nav\">&rarr;<\/span><\/a><\/p>\n","protected":false},"author":7,"featured_media":0,"comment_status":"open","ping_status":"open","sticky":false,"template":"","format":"standard","meta":{"jetpack_post_was_ever_published":false,"_jetpack_newsletter_access":"","_jetpack_dont_email_post_to_subs":true,"_jetpack_newsletter_tier_id":0,"_jetpack_memberships_contains_paywalled_content":false,"_jetpack_memberships_contains_paid_content":false,"footnotes":"","jetpack_publicize_message":"","jetpack_publicize_feature_enabled":true,"jetpack_social_post_already_shared":false,"jetpack_social_options":{"image_generator_settings":{"template":"highway","default_image_id":0,"font":"","enabled":false},"version":2}},"categories":[1],"tags":[],"class_list":["post-3876","post","type-post","status-publish","format-standard","hentry","category-allgemein"],"jetpack_publicize_connections":[],"jetpack_featured_media_url":"","jetpack_sharing_enabled":true,"jetpack_shortlink":"https:\/\/wp.me\/p9Syja-10w","_links":{"self":[{"href":"https:\/\/www.djk-erlangen.de\/verein\/index.php?rest_route=\/wp\/v2\/posts\/3876","targetHints":{"allow":["GET"]}}],"collection":[{"href":"https:\/\/www.djk-erlangen.de\/verein\/index.php?rest_route=\/wp\/v2\/posts"}],"about":[{"href":"https:\/\/www.djk-erlangen.de\/verein\/index.php?rest_route=\/wp\/v2\/types\/post"}],"author":[{"embeddable":true,"href":"https:\/\/www.djk-erlangen.de\/verein\/index.php?rest_route=\/wp\/v2\/users\/7"}],"replies":[{"embeddable":true,"href":"https:\/\/www.djk-erlangen.de\/verein\/index.php?rest_route=%2Fwp%2Fv2%2Fcomments&post=3876"}],"version-history":[{"count":2,"href":"https:\/\/www.djk-erlangen.de\/verein\/index.php?rest_route=\/wp\/v2\/posts\/3876\/revisions"}],"predecessor-version":[{"id":3878,"href":"https:\/\/www.djk-erlangen.de\/verein\/index.php?rest_route=\/wp\/v2\/posts\/3876\/revisions\/3878"}],"wp:attachment":[{"href":"https:\/\/www.djk-erlangen.de\/verein\/index.php?rest_route=%2Fwp%2Fv2%2Fmedia&parent=3876"}],"wp:term":[{"taxonomy":"category","embeddable":true,"href":"https:\/\/www.djk-erlangen.de\/verein\/index.php?rest_route=%2Fwp%2Fv2%2Fcategories&post=3876"},{"taxonomy":"post_tag","embeddable":true,"href":"https:\/\/www.djk-erlangen.de\/verein\/index.php?rest_route=%2Fwp%2Fv2%2Ftags&post=3876"}],"curies":[{"name":"wp","href":"https:\/\/api.w.org\/{rel}","templated":true}]}}