{"id":3825,"date":"2025-09-08T13:29:43","date_gmt":"2025-09-08T11:29:43","guid":{"rendered":"https:\/\/www.djk-erlangen.de\/verein\/?p=3825"},"modified":"2025-09-08T13:32:36","modified_gmt":"2025-09-08T11:32:36","slug":"sommerprojekt-2025-djk-erlangen","status":"publish","type":"post","link":"https:\/\/www.djk-erlangen.de\/verein\/?p=3825","title":{"rendered":"Sommerprojekt 2025 \u2013 DJK Erlangen"},"content":{"rendered":"\n<p>Die DJK Erlangen hat sich bei der Firma Baumpflege Wolf aus Kriegenbrunn<br>https:\/\/baumpflege-wolf.de\/ f\u00fcr deren Sommerprojekt 2025 beworben und wurde<br>ausgew\u00e4hlt!<br>Am 30.08.2025 unterst\u00fctzte uns Lukas Wolf mit seinem Team bei den dringend<br>notwendigen Baumpflegema\u00dfnahmen auf dem Vereinsgel\u00e4nde. Es mussten etliche<br>abgestorbene B\u00e4ume (haupts\u00e4chliche Fichten) gef\u00e4llt werden. Die Standsicherheit<br>und somit Verkehrssicherheit war nicht mehr gew\u00e4hrleistet.<br>Nach der Abstimmung mit der Stadt Erlangen, die ebenfalls Herr Wolf \u00fcbernahm,<br>stand dem Arbeitseinsatz nun nichts mehr im Wege.<br>Trotz Sommerferien-Zeit und Spieltag der 2ten Mannschaft konnten wir auf die<br>Mithilfe von vielen freiwilligen Helfern aus dem Verein zur\u00fcckgreifen. Wie geplant<br>wurden alle kaputten B\u00e4ume fachgerecht durch Lukas und sein Team umgelegt. Die<br>Helfer aus der DJK-Familie r\u00e4umten den kompletten Holzschnitt weg.<br>Der Tag klang bei einem gemeinsamen Essen aller Beteiligten auf der Terrasse der<br>Vereinsgastst\u00e4tte aus. Dies wurde von Gerhard Trapper und der Vereinsleitung<br>spendiert. Herzlichen Dank daf\u00fcr.<br>Vielen Dank auch an das Team von Baumpflege Wolf f\u00fcr den ehrenamtlichen<br>Einsatz und an die vielen Helfer aus der DJK-Familie.<br>Es hat richtig Spa\u00df gemacht, mit allen zusammen dieses gro\u00dfe Projekt zu stemmen.<\/p>\n\n\n\n<figure class=\"wp-block-gallery has-nested-images columns-default is-cropped wp-block-gallery-1 is-layout-flex wp-block-gallery-is-layout-flex\">\n<figure class=\"wp-block-image size-large\"><a href=\"https:\/\/www.djk-erlangen.de\/verein\/wp-content\/uploads\/2025\/09\/Sommerprojekt-DJK_0.jpeg\"><img loading=\"lazy\" decoding=\"async\" width=\"476\" height=\"640\" data-id=\"3826\" src=\"https:\/\/www.djk-erlangen.de\/verein\/wp-content\/uploads\/2025\/09\/Sommerprojekt-DJK_0.jpeg\" alt=\"\" class=\"wp-image-3826\" srcset=\"https:\/\/www.djk-erlangen.de\/verein\/wp-content\/uploads\/2025\/09\/Sommerprojekt-DJK_0.jpeg 476w, https:\/\/www.djk-erlangen.de\/verein\/wp-content\/uploads\/2025\/09\/Sommerprojekt-DJK_0-223x300.jpeg 223w\" sizes=\"auto, (max-width: 476px) 100vw, 476px\" \/><\/a><\/figure>\n\n\n\n<figure class=\"wp-block-image size-large\"><a href=\"https:\/\/www.djk-erlangen.de\/verein\/wp-content\/uploads\/2025\/09\/Sommerprojekt-DJK_1.jpeg\"><img loading=\"lazy\" decoding=\"async\" width=\"480\" height=\"640\" data-id=\"3827\" src=\"https:\/\/www.djk-erlangen.de\/verein\/wp-content\/uploads\/2025\/09\/Sommerprojekt-DJK_1.jpeg\" alt=\"\" class=\"wp-image-3827\" srcset=\"https:\/\/www.djk-erlangen.de\/verein\/wp-content\/uploads\/2025\/09\/Sommerprojekt-DJK_1.jpeg 480w, https:\/\/www.djk-erlangen.de\/verein\/wp-content\/uploads\/2025\/09\/Sommerprojekt-DJK_1-225x300.jpeg 225w\" sizes=\"auto, (max-width: 480px) 100vw, 480px\" \/><\/a><\/figure>\n<\/figure>\n\n\n<div class=\"wp-block-image\">\n<figure class=\"aligncenter size-full\"><a href=\"https:\/\/www.djk-erlangen.de\/verein\/wp-content\/uploads\/2025\/09\/Sommerprojekt-DJK_2.jpeg\"><img loading=\"lazy\" decoding=\"async\" width=\"360\" height=\"640\" src=\"https:\/\/www.djk-erlangen.de\/verein\/wp-content\/uploads\/2025\/09\/Sommerprojekt-DJK_2.jpeg\" alt=\"\" class=\"wp-image-3828\" srcset=\"https:\/\/www.djk-erlangen.de\/verein\/wp-content\/uploads\/2025\/09\/Sommerprojekt-DJK_2.jpeg 360w, https:\/\/www.djk-erlangen.de\/verein\/wp-content\/uploads\/2025\/09\/Sommerprojekt-DJK_2-169x300.jpeg 169w\" sizes=\"auto, (max-width: 360px) 100vw, 360px\" \/><\/a><\/figure>\n<\/div>","protected":false},"excerpt":{"rendered":"<p>Die DJK Erlangen hat sich bei der Firma Baumpflege Wolf aus Kriegenbrunnhttps:\/\/baumpflege-wolf.de\/ f\u00fcr deren Sommerprojekt 2025 beworben und wurdeausgew\u00e4hlt!Am 30.08.2025 unterst\u00fctzte uns Lukas Wolf mit seinem Team bei den dringendnotwendigen Baumpflegema\u00dfnahmen auf dem Vereinsgel\u00e4nde. Es mussten etlicheabgestorbene B\u00e4ume (haupts\u00e4chliche Fichten) &hellip; <a href=\"https:\/\/www.djk-erlangen.de\/verein\/?p=3825\">Weiterlesen <span class=\"meta-nav\">&rarr;<\/span><\/a><\/p>\n","protected":false},"author":4,"featured_media":0,"comment_status":"open","ping_status":"open","sticky":false,"template":"","format":"standard","meta":{"jetpack_post_was_ever_published":false,"_jetpack_newsletter_access":"","_jetpack_dont_email_post_to_subs":false,"_jetpack_newsletter_tier_id":0,"_jetpack_memberships_contains_paywalled_content":false,"_jetpack_memberships_contains_paid_content":false,"footnotes":"","jetpack_publicize_message":"","jetpack_publicize_feature_enabled":true,"jetpack_social_post_already_shared":true,"jetpack_social_options":{"image_generator_settings":{"template":"highway","default_image_id":0,"font":"","enabled":false},"version":2}},"categories":[1],"tags":[],"class_list":["post-3825","post","type-post","status-publish","format-standard","hentry","category-allgemein"],"jetpack_publicize_connections":[],"jetpack_featured_media_url":"","jetpack_sharing_enabled":true,"jetpack_shortlink":"https:\/\/wp.me\/p9Syja-ZH","_links":{"self":[{"href":"https:\/\/www.djk-erlangen.de\/verein\/index.php?rest_route=\/wp\/v2\/posts\/3825","targetHints":{"allow":["GET"]}}],"collection":[{"href":"https:\/\/www.djk-erlangen.de\/verein\/index.php?rest_route=\/wp\/v2\/posts"}],"about":[{"href":"https:\/\/www.djk-erlangen.de\/verein\/index.php?rest_route=\/wp\/v2\/types\/post"}],"author":[{"embeddable":true,"href":"https:\/\/www.djk-erlangen.de\/verein\/index.php?rest_route=\/wp\/v2\/users\/4"}],"replies":[{"embeddable":true,"href":"https:\/\/www.djk-erlangen.de\/verein\/index.php?rest_route=%2Fwp%2Fv2%2Fcomments&post=3825"}],"version-history":[{"count":6,"href":"https:\/\/www.djk-erlangen.de\/verein\/index.php?rest_route=\/wp\/v2\/posts\/3825\/revisions"}],"predecessor-version":[{"id":3834,"href":"https:\/\/www.djk-erlangen.de\/verein\/index.php?rest_route=\/wp\/v2\/posts\/3825\/revisions\/3834"}],"wp:attachment":[{"href":"https:\/\/www.djk-erlangen.de\/verein\/index.php?rest_route=%2Fwp%2Fv2%2Fmedia&parent=3825"}],"wp:term":[{"taxonomy":"category","embeddable":true,"href":"https:\/\/www.djk-erlangen.de\/verein\/index.php?rest_route=%2Fwp%2Fv2%2Fcategories&post=3825"},{"taxonomy":"post_tag","embeddable":true,"href":"https:\/\/www.djk-erlangen.de\/verein\/index.php?rest_route=%2Fwp%2Fv2%2Ftags&post=3825"}],"curies":[{"name":"wp","href":"https:\/\/api.w.org\/{rel}","templated":true}]}}