{"id":3781,"date":"2025-05-24T08:50:31","date_gmt":"2025-05-24T06:50:31","guid":{"rendered":"https:\/\/www.djk-erlangen.de\/verein\/?p=3781"},"modified":"2025-06-30T19:14:38","modified_gmt":"2025-06-30T17:14:38","slug":"die-djk-trauert-um-ihren-ehemaligen-vorsitzenden-guenter-wiede","status":"publish","type":"post","link":"https:\/\/www.djk-erlangen.de\/verein\/?p=3781","title":{"rendered":"Die DJK trauert um Ihren ehemaligen Vorsitzenden G\u00fcnter Wiede"},"content":{"rendered":"\n<p>Am Donnerstag den 22. Mai verstarb im Alter von 86 Jahren G\u00fcnter Wiede. Mit ihm verlieren wir eine Pers\u00f6nlichkeit die unseren Verein \u00fcber vielen Jahre pr\u00e4gte. Der ehemalige  Bayernligafu\u00dfballer des BSC kam \u00fcber den Tennissport zu uns. Mit Unterbrechung langj\u00e4hriger beruflicher Auslandsaufenthalte war er \u00fcber 40 Jahre Mitglied der Tennisabteilung. Anfang der 2000er Jahre  engagierte er sich im Gesamtverein und war 8 Jahre 1. Vorsitzender  unseres Vereins.<\/p>\n\n\n\n<p>Mit Ihm verlieren wir eine pr\u00e4gende Pers\u00f6nlichkeit, wir werden ihm ein ehrendes Angedenken bewahren.<\/p>\n","protected":false},"excerpt":{"rendered":"<p>Am Donnerstag den 22. Mai verstarb im Alter von 86 Jahren G\u00fcnter Wiede. Mit ihm verlieren wir eine Pers\u00f6nlichkeit die unseren Verein \u00fcber vielen Jahre pr\u00e4gte. Der ehemalige Bayernligafu\u00dfballer des BSC kam \u00fcber den Tennissport zu uns. Mit Unterbrechung langj\u00e4hriger &hellip; <a href=\"https:\/\/www.djk-erlangen.de\/verein\/?p=3781\">Weiterlesen <span class=\"meta-nav\">&rarr;<\/span><\/a><\/p>\n","protected":false},"author":12,"featured_media":0,"comment_status":"closed","ping_status":"open","sticky":false,"template":"","format":"standard","meta":{"jetpack_post_was_ever_published":false,"_jetpack_newsletter_access":"","_jetpack_dont_email_post_to_subs":false,"_jetpack_newsletter_tier_id":0,"_jetpack_memberships_contains_paywalled_content":false,"_jetpack_memberships_contains_paid_content":false,"footnotes":"","jetpack_publicize_message":"","jetpack_publicize_feature_enabled":true,"jetpack_social_post_already_shared":true,"jetpack_social_options":{"image_generator_settings":{"template":"highway","default_image_id":0,"font":"","enabled":false},"version":2}},"categories":[1],"tags":[],"class_list":["post-3781","post","type-post","status-publish","format-standard","hentry","category-allgemein"],"jetpack_publicize_connections":[],"jetpack_featured_media_url":"","jetpack_sharing_enabled":true,"jetpack_shortlink":"https:\/\/wp.me\/p9Syja-YZ","_links":{"self":[{"href":"https:\/\/www.djk-erlangen.de\/verein\/index.php?rest_route=\/wp\/v2\/posts\/3781","targetHints":{"allow":["GET"]}}],"collection":[{"href":"https:\/\/www.djk-erlangen.de\/verein\/index.php?rest_route=\/wp\/v2\/posts"}],"about":[{"href":"https:\/\/www.djk-erlangen.de\/verein\/index.php?rest_route=\/wp\/v2\/types\/post"}],"author":[{"embeddable":true,"href":"https:\/\/www.djk-erlangen.de\/verein\/index.php?rest_route=\/wp\/v2\/users\/12"}],"replies":[{"embeddable":true,"href":"https:\/\/www.djk-erlangen.de\/verein\/index.php?rest_route=%2Fwp%2Fv2%2Fcomments&post=3781"}],"version-history":[{"count":1,"href":"https:\/\/www.djk-erlangen.de\/verein\/index.php?rest_route=\/wp\/v2\/posts\/3781\/revisions"}],"predecessor-version":[{"id":3782,"href":"https:\/\/www.djk-erlangen.de\/verein\/index.php?rest_route=\/wp\/v2\/posts\/3781\/revisions\/3782"}],"wp:attachment":[{"href":"https:\/\/www.djk-erlangen.de\/verein\/index.php?rest_route=%2Fwp%2Fv2%2Fmedia&parent=3781"}],"wp:term":[{"taxonomy":"category","embeddable":true,"href":"https:\/\/www.djk-erlangen.de\/verein\/index.php?rest_route=%2Fwp%2Fv2%2Fcategories&post=3781"},{"taxonomy":"post_tag","embeddable":true,"href":"https:\/\/www.djk-erlangen.de\/verein\/index.php?rest_route=%2Fwp%2Fv2%2Ftags&post=3781"}],"curies":[{"name":"wp","href":"https:\/\/api.w.org\/{rel}","templated":true}]}}