{"id":3772,"date":"2025-03-16T19:00:00","date_gmt":"2025-03-16T18:00:00","guid":{"rendered":"https:\/\/www.djk-erlangen.de\/verein\/?p=3772"},"modified":"2025-03-20T19:44:15","modified_gmt":"2025-03-20T18:44:15","slug":"die-alten-herren-der-djk-erlangen-trauern-um-georg-schorsch-jelitte-2","status":"publish","type":"post","link":"https:\/\/www.djk-erlangen.de\/verein\/?p=3772","title":{"rendered":"Die Alten Herren der DJK Erlangen trauern um Adam Meinhart"},"content":{"rendered":"\n<p>Am 5. M\u00e4rz 2025 ist unser fr\u00fcherer AH-Spieler Adam Meinhart v\u00f6llig unerwartet im Alter von nur 60 Jahren f\u00fcr immer von uns gegangen.<\/p>\n\n\n\n<p>Adam war lange ein fester Bestandteil bei den Alten Herren, musste aber aufgrund seiner vielen Verletzungen seine Laufbahn schon fr\u00fch beenden.  <\/p>\n\n\n\n<p>Wir werden ihn immer in bester Erinnerung behalten.<\/p>\n\n\n\n<p><\/p>\n","protected":false},"excerpt":{"rendered":"<p>Am 5. M\u00e4rz 2025 ist unser fr\u00fcherer AH-Spieler Adam Meinhart v\u00f6llig unerwartet im Alter von nur 60 Jahren f\u00fcr immer von uns gegangen. Adam war lange ein fester Bestandteil bei den Alten Herren, musste aber aufgrund seiner vielen Verletzungen seine &hellip; <a href=\"https:\/\/www.djk-erlangen.de\/verein\/?p=3772\">Weiterlesen <span class=\"meta-nav\">&rarr;<\/span><\/a><\/p>\n","protected":false},"author":6,"featured_media":0,"comment_status":"closed","ping_status":"closed","sticky":false,"template":"","format":"standard","meta":{"jetpack_post_was_ever_published":false,"_jetpack_newsletter_access":"","_jetpack_dont_email_post_to_subs":false,"_jetpack_newsletter_tier_id":0,"_jetpack_memberships_contains_paywalled_content":false,"_jetpack_memberships_contains_paid_content":false,"footnotes":"","jetpack_publicize_message":"","jetpack_publicize_feature_enabled":true,"jetpack_social_post_already_shared":true,"jetpack_social_options":{"image_generator_settings":{"template":"highway","default_image_id":0,"font":"","enabled":false},"version":2}},"categories":[1],"tags":[],"class_list":["post-3772","post","type-post","status-publish","format-standard","hentry","category-allgemein"],"jetpack_publicize_connections":[],"jetpack_featured_media_url":"","jetpack_sharing_enabled":true,"jetpack_shortlink":"https:\/\/wp.me\/p9Syja-YQ","_links":{"self":[{"href":"https:\/\/www.djk-erlangen.de\/verein\/index.php?rest_route=\/wp\/v2\/posts\/3772","targetHints":{"allow":["GET"]}}],"collection":[{"href":"https:\/\/www.djk-erlangen.de\/verein\/index.php?rest_route=\/wp\/v2\/posts"}],"about":[{"href":"https:\/\/www.djk-erlangen.de\/verein\/index.php?rest_route=\/wp\/v2\/types\/post"}],"author":[{"embeddable":true,"href":"https:\/\/www.djk-erlangen.de\/verein\/index.php?rest_route=\/wp\/v2\/users\/6"}],"replies":[{"embeddable":true,"href":"https:\/\/www.djk-erlangen.de\/verein\/index.php?rest_route=%2Fwp%2Fv2%2Fcomments&post=3772"}],"version-history":[{"count":1,"href":"https:\/\/www.djk-erlangen.de\/verein\/index.php?rest_route=\/wp\/v2\/posts\/3772\/revisions"}],"predecessor-version":[{"id":3773,"href":"https:\/\/www.djk-erlangen.de\/verein\/index.php?rest_route=\/wp\/v2\/posts\/3772\/revisions\/3773"}],"wp:attachment":[{"href":"https:\/\/www.djk-erlangen.de\/verein\/index.php?rest_route=%2Fwp%2Fv2%2Fmedia&parent=3772"}],"wp:term":[{"taxonomy":"category","embeddable":true,"href":"https:\/\/www.djk-erlangen.de\/verein\/index.php?rest_route=%2Fwp%2Fv2%2Fcategories&post=3772"},{"taxonomy":"post_tag","embeddable":true,"href":"https:\/\/www.djk-erlangen.de\/verein\/index.php?rest_route=%2Fwp%2Fv2%2Ftags&post=3772"}],"curies":[{"name":"wp","href":"https:\/\/api.w.org\/{rel}","templated":true}]}}