{"id":3628,"date":"2024-05-18T08:50:26","date_gmt":"2024-05-18T06:50:26","guid":{"rendered":"https:\/\/www.djk-erlangen.de\/verein\/?p=3628"},"modified":"2024-05-26T19:08:51","modified_gmt":"2024-05-26T17:08:51","slug":"ehrennadel-fuer-marib-aldois","status":"publish","type":"post","link":"https:\/\/www.djk-erlangen.de\/verein\/?p=3628","title":{"rendered":"Ehrennadel der Stadt Erlangen f\u00fcr unseren DJK-Fu\u00dfballer Marib Aldoais"},"content":{"rendered":"\n<p>Am 14. Mai 2024 fand in der neuen Gerd-Lohwasser-Halle die Sportlerehrung der Stadt Erlangen statt.<\/p>\n\n\n\n<p>Ausgezeichnet wurden die Erlanger Sportler, die im Jahr 2023 Titel und Medaillen gewonnen haben. Mit dabei auch ein Sportler der DJK Erlangen: <strong>Marib Aldoais<\/strong>.<\/p>\n\n\n\n<p>Marib gelang es im vergangenen Jahr, mit der deutschen Fu\u00dfballnationalmannschaft der Kleinw\u00fcchsigen den Titel als Fu\u00dfballweltmeister zu verteidigen.<\/p>\n\n\n\n<p>Ausgetragen wurde diese Weltmeisterschaft im Rahmen der alle 4 Jahre stattfindenden World Dwarf Games im Juli in K\u00f6ln. W\u00e4hrend einige wenige Disziplinen f\u00fcr die Kleinw\u00fcchsigen paralympisch sind, ist f\u00fcr die anderen Disziplinen die World Dwarf Games die wichtigste Veranstaltung. Nachdem Deutschland bei den letzten Games in Kanada erstmals Fu\u00dfballweltmeister wurde (damals holte Marib \u00fcbrigens auch noch Titel und Medaillen in der Leichtathletik!), richtete der Bundesverband Kleinw\u00fcchsige Menschen und ihre Familien (BKMF) die Spiele 2023 in K\u00f6ln aus. <br>Daran, dass die Weltspiele erstmals in Deutschland stattfanden, hat unser Marib einen nicht unerheblichen Anteil. 2017 gr\u00fcndete er den Arbeitskreis Deutscher Kleinwuchs-Sport beim BKMF, als dessen Leiter er die <a href=\"https:\/\/www.faz.net\/aktuell\/sport\/mehr-sport\/world-dwarf-games-in-koeln-kleinwuechsige-aus-aller-welt-im-wettkampf-19057852.html\">World Dwarf Games 2023 in K\u00f6ln<\/a> hauptverantwortlich organisierte &#8211; und daneben auch noch die Zeit f\u00fcr eine erfolgreiche Teilnahme fand.<\/p>\n\n\n\n<p>Wir als DJK Erlangen sind sehr stolz, Heimatverein von Marib zu sein!<br>Auch die Stadt Erlangen freut sich \u00fcber den erfolgreichen Sportler Marib Aldoais. <\/p>\n\n\n\n<figure class=\"wp-block-gallery has-nested-images columns-default wp-block-gallery-1 is-layout-flex wp-block-gallery-is-layout-flex\">\n<figure class=\"wp-block-image size-full\"><a href=\"https:\/\/www.djk-erlangen.de\/verein\/wp-content\/uploads\/2024\/05\/Marib1-scaled-e1716741745182.jpg\"><img loading=\"lazy\" decoding=\"async\" width=\"1352\" height=\"1241\" data-id=\"3629\" src=\"https:\/\/www.djk-erlangen.de\/verein\/wp-content\/uploads\/2024\/05\/Marib1-scaled-e1716741745182.jpg\" alt=\"\" class=\"wp-image-3629\" srcset=\"https:\/\/www.djk-erlangen.de\/verein\/wp-content\/uploads\/2024\/05\/Marib1-scaled-e1716741745182.jpg 1352w, https:\/\/www.djk-erlangen.de\/verein\/wp-content\/uploads\/2024\/05\/Marib1-scaled-e1716741745182-300x275.jpg 300w, https:\/\/www.djk-erlangen.de\/verein\/wp-content\/uploads\/2024\/05\/Marib1-scaled-e1716741745182-1024x940.jpg 1024w, https:\/\/www.djk-erlangen.de\/verein\/wp-content\/uploads\/2024\/05\/Marib1-scaled-e1716741745182-768x705.jpg 768w, https:\/\/www.djk-erlangen.de\/verein\/wp-content\/uploads\/2024\/05\/Marib1-scaled-e1716741745182-327x300.jpg 327w\" sizes=\"auto, (max-width: 1352px) 100vw, 1352px\" \/><\/a><\/figure>\n\n\n\n<figure class=\"wp-block-image size-full\"><a href=\"https:\/\/www.djk-erlangen.de\/verein\/wp-content\/uploads\/2024\/05\/Marib2-scaled-e1716741803257.jpg\"><img loading=\"lazy\" decoding=\"async\" width=\"610\" height=\"733\" data-id=\"3630\" src=\"https:\/\/www.djk-erlangen.de\/verein\/wp-content\/uploads\/2024\/05\/Marib2-scaled-e1716741803257.jpg\" alt=\"\" class=\"wp-image-3630\" srcset=\"https:\/\/www.djk-erlangen.de\/verein\/wp-content\/uploads\/2024\/05\/Marib2-scaled-e1716741803257.jpg 610w, https:\/\/www.djk-erlangen.de\/verein\/wp-content\/uploads\/2024\/05\/Marib2-scaled-e1716741803257-250x300.jpg 250w\" sizes=\"auto, (max-width: 610px) 100vw, 610px\" \/><\/a><\/figure>\n<\/figure>\n","protected":false},"excerpt":{"rendered":"<p>Am 14. Mai 2024 fand in der neuen Gerd-Lohwasser-Halle die Sportlerehrung der Stadt Erlangen statt. Ausgezeichnet wurden die Erlanger Sportler, die im Jahr 2023 Titel und Medaillen gewonnen haben. Mit dabei auch ein Sportler der DJK Erlangen: Marib Aldoais. Marib &hellip; <a href=\"https:\/\/www.djk-erlangen.de\/verein\/?p=3628\">Weiterlesen <span class=\"meta-nav\">&rarr;<\/span><\/a><\/p>\n","protected":false},"author":12,"featured_media":0,"comment_status":"open","ping_status":"open","sticky":false,"template":"","format":"standard","meta":{"jetpack_post_was_ever_published":false,"_jetpack_newsletter_access":"","_jetpack_dont_email_post_to_subs":false,"_jetpack_newsletter_tier_id":0,"_jetpack_memberships_contains_paywalled_content":false,"_jetpack_memberships_contains_paid_content":false,"footnotes":"","jetpack_publicize_message":"","jetpack_publicize_feature_enabled":true,"jetpack_social_post_already_shared":true,"jetpack_social_options":{"image_generator_settings":{"template":"highway","default_image_id":0,"font":"","enabled":false},"version":2}},"categories":[1],"tags":[],"class_list":["post-3628","post","type-post","status-publish","format-standard","hentry","category-allgemein"],"jetpack_publicize_connections":[],"jetpack_featured_media_url":"","jetpack_sharing_enabled":true,"jetpack_shortlink":"https:\/\/wp.me\/p9Syja-Ww","_links":{"self":[{"href":"https:\/\/www.djk-erlangen.de\/verein\/index.php?rest_route=\/wp\/v2\/posts\/3628","targetHints":{"allow":["GET"]}}],"collection":[{"href":"https:\/\/www.djk-erlangen.de\/verein\/index.php?rest_route=\/wp\/v2\/posts"}],"about":[{"href":"https:\/\/www.djk-erlangen.de\/verein\/index.php?rest_route=\/wp\/v2\/types\/post"}],"author":[{"embeddable":true,"href":"https:\/\/www.djk-erlangen.de\/verein\/index.php?rest_route=\/wp\/v2\/users\/12"}],"replies":[{"embeddable":true,"href":"https:\/\/www.djk-erlangen.de\/verein\/index.php?rest_route=%2Fwp%2Fv2%2Fcomments&post=3628"}],"version-history":[{"count":15,"href":"https:\/\/www.djk-erlangen.de\/verein\/index.php?rest_route=\/wp\/v2\/posts\/3628\/revisions"}],"predecessor-version":[{"id":3651,"href":"https:\/\/www.djk-erlangen.de\/verein\/index.php?rest_route=\/wp\/v2\/posts\/3628\/revisions\/3651"}],"wp:attachment":[{"href":"https:\/\/www.djk-erlangen.de\/verein\/index.php?rest_route=%2Fwp%2Fv2%2Fmedia&parent=3628"}],"wp:term":[{"taxonomy":"category","embeddable":true,"href":"https:\/\/www.djk-erlangen.de\/verein\/index.php?rest_route=%2Fwp%2Fv2%2Fcategories&post=3628"},{"taxonomy":"post_tag","embeddable":true,"href":"https:\/\/www.djk-erlangen.de\/verein\/index.php?rest_route=%2Fwp%2Fv2%2Ftags&post=3628"}],"curies":[{"name":"wp","href":"https:\/\/api.w.org\/{rel}","templated":true}]}}