{"id":3599,"date":"2024-02-14T17:31:08","date_gmt":"2024-02-14T16:31:08","guid":{"rendered":"https:\/\/www.djk-erlangen.de\/verein\/?p=3599"},"modified":"2024-04-02T21:03:49","modified_gmt":"2024-04-02T19:03:49","slug":"djk-ah-fussballer-sind-dioezesanmeister","status":"publish","type":"post","link":"https:\/\/www.djk-erlangen.de\/verein\/?p=3599","title":{"rendered":"Die AH-Fu\u00dfballer der DJK Erlangen sind Di\u00f6zesanmeister!"},"content":{"rendered":"\n<p>Am 27. Januar 2024 fand zum 33. Mal das DJK-Di\u00f6zesanturnier Fu\u00dfball f\u00fcr AH-Mannschaften statt, an dem heuer 8 Mannschaften des DJK DV Bamberg teilnahmen.<\/p>\n\n\n\n<h1 class=\"wp-block-heading\">Und der Sieger hei\u00dft DJK Erlangen! <\/h1>\n\n\n\n<figure class=\"wp-block-image size-large\"><img loading=\"lazy\" decoding=\"async\" width=\"1024\" height=\"768\" src=\"https:\/\/www.djk-erlangen.de\/verein\/wp-content\/uploads\/2024\/02\/sieger-1024x768.jpg\" alt=\"\" class=\"wp-image-3600\" srcset=\"https:\/\/www.djk-erlangen.de\/verein\/wp-content\/uploads\/2024\/02\/sieger-1024x768.jpg 1024w, https:\/\/www.djk-erlangen.de\/verein\/wp-content\/uploads\/2024\/02\/sieger-300x225.jpg 300w, https:\/\/www.djk-erlangen.de\/verein\/wp-content\/uploads\/2024\/02\/sieger-768x576.jpg 768w, https:\/\/www.djk-erlangen.de\/verein\/wp-content\/uploads\/2024\/02\/sieger-400x300.jpg 400w, https:\/\/www.djk-erlangen.de\/verein\/wp-content\/uploads\/2024\/02\/sieger.jpg 1382w\" sizes=\"auto, (max-width: 1024px) 100vw, 1024px\" \/><\/figure>\n\n\n\n<p>Dazu schrieb Alois Leisgang, der Fu\u00dfballfachwart im Di\u00f6zesanverband auf der Seite des DV folgende Zeilen:<\/p>\n\n\n\n<p><em>In der Gruppe B dominierte die DJK BFC N\u00fcrnberg, allerdings endete auch hier das Spiel gegen den zweiten Halbfinalisten DJK Erlangen unentschieden. Auf den weiteren Pl\u00e4tzen folgten dann DJK Zeyern\/Ro\u00dflach und SG DJK Stappenbach\/DJK-SC Vorra.<\/em><\/p>\n\n\n\n<p><em>Das erste Halbfinale fand zwischen der DJK F\u00fcrth und der DJK Erlangen statt. Erlangen legte schnell mit 2 Toren in Minute 1 und 4 den Grundstein f\u00fcr den sp\u00e4teren Sieg. In der 5. Min gab es den Anschlusstreffer. Allerdings baute Erlangen 2 Minuten sp\u00e4ter den Vorsprung auf 3:1 aus. In derselben Minute konnte F\u00fcrth wieder den Anschluss herstellen. F\u00fcrth kam noch zu 2 Gro\u00dfchancen, welche der gl\u00e4nzend aufgelegte Torwart aus Erlangen aber vereitelte. So erreichte im Duell zweier sehr starker Mannschaften durch einen 3:2-Sieg die DJK Erlangen das Finale.<\/em><\/p>\n\n\n\n<p><em>Und dann kam das Endspiel zwischen der DJK Erlangen und der DJK BFC N\u00fcrnberg. Bereits in der Vorrunde hatten es die Kontrahenten miteinander zu tun gehabt, damals trennte man sich Unentschieden. Dieses stark umk\u00e4mpfte Endspiel lie\u00df bis zu 8. Minute kein Tor zu. Vor allem der starke Torh\u00fcter im Erlangener Tor lie\u00df die BFC\u2018 ler verzweifeln. Doch ein super-schneller Konter brachte endlich das 0:1 f\u00fcr die N\u00fcrnberger, was aber bereits beim Gegenzug durch ein Tor der Erlanger egalisiert wurde. Danach folgte &#8211; spannender konnte es nicht sein \u2013 das Neun-Meter-Schie\u00dfen. Seitens Erlangens wurden alle Sch\u00fcsse eingenetzt, doch der bereits vorher erw\u00e4hnte Torwart der Erlanger kr\u00f6nte seine sportliche Leistung mit zwei gehaltenen Neun-Meter-Sch\u00fcssen und brachte sein Team damit auf die Siegerseite und sicherte das Ergebnis 1:1; 5:3 nach Neun-Meter-Schie\u00dfen f\u00fcr seine Farben.<\/em><\/p>\n\n\n\n<p>Herzlichen Gl\u00fcckwunsch an unsere AH-Fu\u00dfballer und sch\u00f6n, dass mit Manuel Farfan ein Spieler von uns solch einen Eindruck hinterlassen hat.<br>Ist jedoch auch nicht verwunderlich, schlie\u00dflich ist er als aktueller Kreisligaspieler nicht nur R\u00fcckhalt der AH, sondern auch unserer 1. Mannschaft.<\/p>\n","protected":false},"excerpt":{"rendered":"<p>Am 27. Januar 2024 fand zum 33. Mal das DJK-Di\u00f6zesanturnier Fu\u00dfball f\u00fcr AH-Mannschaften statt, an dem heuer 8 Mannschaften des DJK DV Bamberg teilnahmen. Und der Sieger hei\u00dft DJK Erlangen! Dazu schrieb Alois Leisgang, der Fu\u00dfballfachwart im Di\u00f6zesanverband auf der &hellip; <a href=\"https:\/\/www.djk-erlangen.de\/verein\/?p=3599\">Weiterlesen <span class=\"meta-nav\">&rarr;<\/span><\/a><\/p>\n","protected":false},"author":12,"featured_media":0,"comment_status":"open","ping_status":"open","sticky":false,"template":"","format":"standard","meta":{"jetpack_post_was_ever_published":false,"_jetpack_newsletter_access":"","_jetpack_dont_email_post_to_subs":false,"_jetpack_newsletter_tier_id":0,"_jetpack_memberships_contains_paywalled_content":false,"_jetpack_memberships_contains_paid_content":false,"footnotes":"","jetpack_publicize_message":"","jetpack_publicize_feature_enabled":true,"jetpack_social_post_already_shared":true,"jetpack_social_options":{"image_generator_settings":{"template":"highway","default_image_id":0,"font":"","enabled":false},"version":2}},"categories":[1],"tags":[],"class_list":["post-3599","post","type-post","status-publish","format-standard","hentry","category-allgemein"],"jetpack_publicize_connections":[],"jetpack_featured_media_url":"","jetpack_sharing_enabled":true,"jetpack_shortlink":"https:\/\/wp.me\/p9Syja-W3","_links":{"self":[{"href":"https:\/\/www.djk-erlangen.de\/verein\/index.php?rest_route=\/wp\/v2\/posts\/3599","targetHints":{"allow":["GET"]}}],"collection":[{"href":"https:\/\/www.djk-erlangen.de\/verein\/index.php?rest_route=\/wp\/v2\/posts"}],"about":[{"href":"https:\/\/www.djk-erlangen.de\/verein\/index.php?rest_route=\/wp\/v2\/types\/post"}],"author":[{"embeddable":true,"href":"https:\/\/www.djk-erlangen.de\/verein\/index.php?rest_route=\/wp\/v2\/users\/12"}],"replies":[{"embeddable":true,"href":"https:\/\/www.djk-erlangen.de\/verein\/index.php?rest_route=%2Fwp%2Fv2%2Fcomments&post=3599"}],"version-history":[{"count":4,"href":"https:\/\/www.djk-erlangen.de\/verein\/index.php?rest_route=\/wp\/v2\/posts\/3599\/revisions"}],"predecessor-version":[{"id":3622,"href":"https:\/\/www.djk-erlangen.de\/verein\/index.php?rest_route=\/wp\/v2\/posts\/3599\/revisions\/3622"}],"wp:attachment":[{"href":"https:\/\/www.djk-erlangen.de\/verein\/index.php?rest_route=%2Fwp%2Fv2%2Fmedia&parent=3599"}],"wp:term":[{"taxonomy":"category","embeddable":true,"href":"https:\/\/www.djk-erlangen.de\/verein\/index.php?rest_route=%2Fwp%2Fv2%2Fcategories&post=3599"},{"taxonomy":"post_tag","embeddable":true,"href":"https:\/\/www.djk-erlangen.de\/verein\/index.php?rest_route=%2Fwp%2Fv2%2Ftags&post=3599"}],"curies":[{"name":"wp","href":"https:\/\/api.w.org\/{rel}","templated":true}]}}