{"id":3547,"date":"2023-12-06T20:00:00","date_gmt":"2023-12-06T19:00:00","guid":{"rendered":"https:\/\/www.djk-erlangen.de\/verein\/?p=3547"},"modified":"2023-12-06T20:44:11","modified_gmt":"2023-12-06T19:44:11","slug":"paechterwechsel-in-der-djk-sportgaststaette","status":"publish","type":"post","link":"https:\/\/www.djk-erlangen.de\/verein\/?p=3547","title":{"rendered":"DJK-Sportgastst\u00e4tte aktuell GESCHLOSSEN!"},"content":{"rendered":"\n<p>Antonia &amp; Aki haben bei der DJK Erlangen aufgeh\u00f6rt.<br>In den knapp 5 Jahren durften wir viele sch\u00f6ne Stunden mit gutem griechischen Essen bei Ihnen verbringen.<br>Wir danken Antonia &amp; Aki mit ihrem K\u00fcchenteam f\u00fcr die Zeit bei uns und w\u00fcnschen ihnen f\u00fcr die Zukunft alles Gute. <\/p>\n\n\n\n<h2 class=\"wp-block-heading has-text-align-center\">Die Vereinsgastst\u00e4tte ist aktuell bis auf Weiteres geschlossen!.<\/h2>\n\n\n\n<p>Wie geht es weiter?<\/p>\n\n\n\n<p>Wir sind noch auf der Suche nach neuen P\u00e4chtern. Da auch ein paar kleinere Umbauarbeiten notwendig sind, gehen wir davon aus, dass das Sportheim mindestens bis Fasching geschlossen sein wird.<\/p>\n\n\n\n<p>Sobald wir die Wiederer\u00f6ffnung planen k\u00f6nnen, werden wir Sie hier informieren.<\/p>\n","protected":false},"excerpt":{"rendered":"<p>Antonia &amp; Aki haben bei der DJK Erlangen aufgeh\u00f6rt.In den knapp 5 Jahren durften wir viele sch\u00f6ne Stunden mit gutem griechischen Essen bei Ihnen verbringen.Wir danken Antonia &amp; Aki mit ihrem K\u00fcchenteam f\u00fcr die Zeit bei uns und w\u00fcnschen ihnen &hellip; <a href=\"https:\/\/www.djk-erlangen.de\/verein\/?p=3547\">Weiterlesen <span class=\"meta-nav\">&rarr;<\/span><\/a><\/p>\n","protected":false},"author":5,"featured_media":0,"comment_status":"closed","ping_status":"closed","sticky":false,"template":"","format":"standard","meta":{"jetpack_post_was_ever_published":false,"_jetpack_newsletter_access":"","_jetpack_dont_email_post_to_subs":false,"_jetpack_newsletter_tier_id":0,"_jetpack_memberships_contains_paywalled_content":false,"_jetpack_memberships_contains_paid_content":false,"footnotes":"","jetpack_publicize_message":"","jetpack_publicize_feature_enabled":true,"jetpack_social_post_already_shared":true,"jetpack_social_options":{"image_generator_settings":{"template":"highway","default_image_id":0,"font":"","enabled":false},"version":2}},"categories":[1],"tags":[],"class_list":["post-3547","post","type-post","status-publish","format-standard","hentry","category-allgemein"],"jetpack_publicize_connections":[],"jetpack_featured_media_url":"","jetpack_sharing_enabled":true,"jetpack_shortlink":"https:\/\/wp.me\/p9Syja-Vd","_links":{"self":[{"href":"https:\/\/www.djk-erlangen.de\/verein\/index.php?rest_route=\/wp\/v2\/posts\/3547","targetHints":{"allow":["GET"]}}],"collection":[{"href":"https:\/\/www.djk-erlangen.de\/verein\/index.php?rest_route=\/wp\/v2\/posts"}],"about":[{"href":"https:\/\/www.djk-erlangen.de\/verein\/index.php?rest_route=\/wp\/v2\/types\/post"}],"author":[{"embeddable":true,"href":"https:\/\/www.djk-erlangen.de\/verein\/index.php?rest_route=\/wp\/v2\/users\/5"}],"replies":[{"embeddable":true,"href":"https:\/\/www.djk-erlangen.de\/verein\/index.php?rest_route=%2Fwp%2Fv2%2Fcomments&post=3547"}],"version-history":[{"count":3,"href":"https:\/\/www.djk-erlangen.de\/verein\/index.php?rest_route=\/wp\/v2\/posts\/3547\/revisions"}],"predecessor-version":[{"id":3574,"href":"https:\/\/www.djk-erlangen.de\/verein\/index.php?rest_route=\/wp\/v2\/posts\/3547\/revisions\/3574"}],"wp:attachment":[{"href":"https:\/\/www.djk-erlangen.de\/verein\/index.php?rest_route=%2Fwp%2Fv2%2Fmedia&parent=3547"}],"wp:term":[{"taxonomy":"category","embeddable":true,"href":"https:\/\/www.djk-erlangen.de\/verein\/index.php?rest_route=%2Fwp%2Fv2%2Fcategories&post=3547"},{"taxonomy":"post_tag","embeddable":true,"href":"https:\/\/www.djk-erlangen.de\/verein\/index.php?rest_route=%2Fwp%2Fv2%2Ftags&post=3547"}],"curies":[{"name":"wp","href":"https:\/\/api.w.org\/{rel}","templated":true}]}}