{"id":3538,"date":"2023-10-01T14:44:50","date_gmt":"2023-10-01T12:44:50","guid":{"rendered":"https:\/\/www.djk-erlangen.de\/verein\/?p=3538"},"modified":"2023-10-09T07:07:25","modified_gmt":"2023-10-09T05:07:25","slug":"die-djk-erlangen-trauert-um-2-urgesteine","status":"publish","type":"post","link":"https:\/\/www.djk-erlangen.de\/verein\/?p=3538","title":{"rendered":"Die DJK Erlangen trauert um Winfried G\u00fcttler"},"content":{"rendered":"\n<p>In der vergangenen Woche verstarb im Alter von 79 Jahren unser langj\u00e4hriges Tennis Mitglied Winfried G\u00fcttler. Winfried trat 1970 in den Verein ein. Als aktiver Spieler aber auch als Abteilungsleiter und Vorstandsmitglied pr\u00e4gte er jahrzehntelang die Tennisabteilung.<\/p>\n\n\n\n<p>Mit ihm verlieren wir eine pr\u00e4gende Pers\u00f6nlichkeit des Vereins.<\/p>\n\n\n\n<p>Die DJK Erlangen wird ihn nicht vergessen und wird ihm ein ehrendes Gedenken bewahren.<\/p>\n","protected":false},"excerpt":{"rendered":"<p>In der vergangenen Woche verstarb im Alter von 79 Jahren unser langj\u00e4hriges Tennis Mitglied Winfried G\u00fcttler. Winfried trat 1970 in den Verein ein. Als aktiver Spieler aber auch als Abteilungsleiter und Vorstandsmitglied pr\u00e4gte er jahrzehntelang die Tennisabteilung. Mit ihm verlieren &hellip; <a href=\"https:\/\/www.djk-erlangen.de\/verein\/?p=3538\">Weiterlesen <span class=\"meta-nav\">&rarr;<\/span><\/a><\/p>\n","protected":false},"author":12,"featured_media":0,"comment_status":"open","ping_status":"open","sticky":false,"template":"","format":"standard","meta":{"jetpack_post_was_ever_published":false,"_jetpack_newsletter_access":"","_jetpack_dont_email_post_to_subs":false,"_jetpack_newsletter_tier_id":0,"_jetpack_memberships_contains_paywalled_content":false,"_jetpack_memberships_contains_paid_content":false,"footnotes":"","jetpack_publicize_message":"","jetpack_publicize_feature_enabled":true,"jetpack_social_post_already_shared":true,"jetpack_social_options":{"image_generator_settings":{"template":"highway","default_image_id":0,"font":"","enabled":false},"version":2}},"categories":[1],"tags":[],"class_list":["post-3538","post","type-post","status-publish","format-standard","hentry","category-allgemein"],"jetpack_publicize_connections":[],"jetpack_featured_media_url":"","jetpack_sharing_enabled":true,"jetpack_shortlink":"https:\/\/wp.me\/p9Syja-V4","_links":{"self":[{"href":"https:\/\/www.djk-erlangen.de\/verein\/index.php?rest_route=\/wp\/v2\/posts\/3538","targetHints":{"allow":["GET"]}}],"collection":[{"href":"https:\/\/www.djk-erlangen.de\/verein\/index.php?rest_route=\/wp\/v2\/posts"}],"about":[{"href":"https:\/\/www.djk-erlangen.de\/verein\/index.php?rest_route=\/wp\/v2\/types\/post"}],"author":[{"embeddable":true,"href":"https:\/\/www.djk-erlangen.de\/verein\/index.php?rest_route=\/wp\/v2\/users\/12"}],"replies":[{"embeddable":true,"href":"https:\/\/www.djk-erlangen.de\/verein\/index.php?rest_route=%2Fwp%2Fv2%2Fcomments&post=3538"}],"version-history":[{"count":3,"href":"https:\/\/www.djk-erlangen.de\/verein\/index.php?rest_route=\/wp\/v2\/posts\/3538\/revisions"}],"predecessor-version":[{"id":3542,"href":"https:\/\/www.djk-erlangen.de\/verein\/index.php?rest_route=\/wp\/v2\/posts\/3538\/revisions\/3542"}],"wp:attachment":[{"href":"https:\/\/www.djk-erlangen.de\/verein\/index.php?rest_route=%2Fwp%2Fv2%2Fmedia&parent=3538"}],"wp:term":[{"taxonomy":"category","embeddable":true,"href":"https:\/\/www.djk-erlangen.de\/verein\/index.php?rest_route=%2Fwp%2Fv2%2Fcategories&post=3538"},{"taxonomy":"post_tag","embeddable":true,"href":"https:\/\/www.djk-erlangen.de\/verein\/index.php?rest_route=%2Fwp%2Fv2%2Ftags&post=3538"}],"curies":[{"name":"wp","href":"https:\/\/api.w.org\/{rel}","templated":true}]}}