{"id":3515,"date":"2023-06-06T19:10:36","date_gmt":"2023-06-06T17:10:36","guid":{"rendered":"https:\/\/www.djk-erlangen.de\/verein\/?p=3515"},"modified":"2023-06-06T19:10:36","modified_gmt":"2023-06-06T17:10:36","slug":"die-djk-erlangen-trauert-um-roman-goreczka","status":"publish","type":"post","link":"https:\/\/www.djk-erlangen.de\/verein\/?p=3515","title":{"rendered":"Die DJK Erlangen trauert um Roman Goreczka"},"content":{"rendered":"\n<p>Am 5 Juni verstarb unser langj\u00e4hriges Tennismitglied Roman Goreczka im Alter von 82 Jahren.<\/p>\n\n\n\n<p>Roman war \u00fcber 50 Jahre Mitglied unseres Vereins. Solange es seine Gesundheit zulie\u00df spielte er regelm\u00e4\u00dfig, insbesondere Sonntag Vormittags mit seiner Familie, auf dem Tennisplatz. Lange Jahre spielte er auch in den Mannschaften der DJK.<\/p>\n\n\n\n<p>Die DJK Erlangen verliert mit Roman Goreczka einen ehrlichen und aufrichtigen Sportsmann.<\/p>\n","protected":false},"excerpt":{"rendered":"<p>Am 5 Juni verstarb unser langj\u00e4hriges Tennismitglied Roman Goreczka im Alter von 82 Jahren. Roman war \u00fcber 50 Jahre Mitglied unseres Vereins. Solange es seine Gesundheit zulie\u00df spielte er regelm\u00e4\u00dfig, insbesondere Sonntag Vormittags mit seiner Familie, auf dem Tennisplatz. Lange &hellip; <a href=\"https:\/\/www.djk-erlangen.de\/verein\/?p=3515\">Weiterlesen <span class=\"meta-nav\">&rarr;<\/span><\/a><\/p>\n","protected":false},"author":12,"featured_media":0,"comment_status":"open","ping_status":"open","sticky":false,"template":"","format":"standard","meta":{"jetpack_post_was_ever_published":false,"_jetpack_newsletter_access":"","_jetpack_dont_email_post_to_subs":false,"_jetpack_newsletter_tier_id":0,"_jetpack_memberships_contains_paywalled_content":false,"_jetpack_memberships_contains_paid_content":false,"footnotes":"","jetpack_publicize_message":"","jetpack_publicize_feature_enabled":true,"jetpack_social_post_already_shared":true,"jetpack_social_options":{"image_generator_settings":{"template":"highway","default_image_id":0,"font":"","enabled":false},"version":2}},"categories":[1],"tags":[],"class_list":["post-3515","post","type-post","status-publish","format-standard","hentry","category-allgemein"],"jetpack_publicize_connections":[],"jetpack_featured_media_url":"","jetpack_sharing_enabled":true,"jetpack_shortlink":"https:\/\/wp.me\/p9Syja-UH","_links":{"self":[{"href":"https:\/\/www.djk-erlangen.de\/verein\/index.php?rest_route=\/wp\/v2\/posts\/3515","targetHints":{"allow":["GET"]}}],"collection":[{"href":"https:\/\/www.djk-erlangen.de\/verein\/index.php?rest_route=\/wp\/v2\/posts"}],"about":[{"href":"https:\/\/www.djk-erlangen.de\/verein\/index.php?rest_route=\/wp\/v2\/types\/post"}],"author":[{"embeddable":true,"href":"https:\/\/www.djk-erlangen.de\/verein\/index.php?rest_route=\/wp\/v2\/users\/12"}],"replies":[{"embeddable":true,"href":"https:\/\/www.djk-erlangen.de\/verein\/index.php?rest_route=%2Fwp%2Fv2%2Fcomments&post=3515"}],"version-history":[{"count":1,"href":"https:\/\/www.djk-erlangen.de\/verein\/index.php?rest_route=\/wp\/v2\/posts\/3515\/revisions"}],"predecessor-version":[{"id":3516,"href":"https:\/\/www.djk-erlangen.de\/verein\/index.php?rest_route=\/wp\/v2\/posts\/3515\/revisions\/3516"}],"wp:attachment":[{"href":"https:\/\/www.djk-erlangen.de\/verein\/index.php?rest_route=%2Fwp%2Fv2%2Fmedia&parent=3515"}],"wp:term":[{"taxonomy":"category","embeddable":true,"href":"https:\/\/www.djk-erlangen.de\/verein\/index.php?rest_route=%2Fwp%2Fv2%2Fcategories&post=3515"},{"taxonomy":"post_tag","embeddable":true,"href":"https:\/\/www.djk-erlangen.de\/verein\/index.php?rest_route=%2Fwp%2Fv2%2Ftags&post=3515"}],"curies":[{"name":"wp","href":"https:\/\/api.w.org\/{rel}","templated":true}]}}