{"id":3460,"date":"2025-07-02T17:50:00","date_gmt":"2025-07-02T15:50:00","guid":{"rendered":"https:\/\/www.djk-erlangen.de\/verein\/?p=3460"},"modified":"2025-07-23T19:48:52","modified_gmt":"2025-07-23T17:48:52","slug":"jahreshauptversammlung-mit-neuwahlen-am-11-3-2016-2","status":"publish","type":"post","link":"https:\/\/www.djk-erlangen.de\/verein\/?p=3460","title":{"rendered":"Jahreshauptversammlung mit Neuwahlen am Freitag 18.7.2025"},"content":{"rendered":"<p>Am vergangen Freitag trafen sich gut 30 unserer Mitglieder zur diesj\u00e4hrigen Jahreshauptversammlung. Nach Berichten des Vorstandes und der Abteilungsleiter wurde zum Finanzbericht festgestellt, dass die rote Null die der Verein seit Jahren schreibt, ein Warnzeichen ist, da der bauliche Zustand, sp\u00e4testens nach dem Aus des Leuchtturmprojektes, weiterhin gr\u00f6\u00dfere Investitionen erfordert.<\/p>\n<p>In diesem Zusammenhang wurde auch das Crowdfundingprojekt der Fu\u00dfballjugendtrainer gelobt, dass einige dringende Arbeiten erm\u00f6glicht. die Aktion bei gofundme<\/p>\n<p><a href=\"https:\/\/www.gofundme.com\/f\/gemeinsam-fur-die-zukunft-unserer-jugend\" data-wplink-edit=\"true\">https:\/\/www.gofundme.com\/f\/gemeinsam-fur-die-zukunft-unserer-jugend<\/a><\/p>\n<p>l\u00e4uft weiter und in weiteren Arbeitseinseins\u00e4tzen soll das Geld dann in sinnvolle Ma\u00dfnahmen am Vereinsgel\u00e4nde umgesetzt werden.<\/p>\n<p>Nach den Berichten wurden dann langj\u00e4hrige Mitglieder geehrt, f\u00fcr 25 Jahre Vanusch Nercissian, f\u00fcr 40 Jahre Hanns Kuen und Gerhard Trapper sowie f\u00fcr 60 Jahre Ernst Reinhard.<\/p>\n<p>Gar f\u00fcr 70 Jahre konnten geehrt werden Hans Kittler, Walter Sch\u00fcer und Rudolf Reinhardt. Dar\u00fcber hinaus wurden alle 3 zu Ehrenmitgliedern des Vereins ernannt.<\/p>\n<p>Anschlie\u00dfend fanden die Neuwahlen des Vorstandes statt. Der bisherige erste Vorsitzende Matthias Distler trat nicht mehr an, da er durch seine T\u00e4tigkeiten im Verband, u.a. als Di\u00f6zesanvorsitzender der DJK, nicht mehr in ausreichenden Umfang f\u00fcr die DJK Erlangen t\u00e4tig sein kann.<\/p>\n<p>Zum Gl\u00fcck fand sich die langersehnte Teaml\u00f6sung mit Gerhard Trapper als 1. Vorsitzenden, Volker W\u00fcstner als 2. Vorsitzenden sowie Robert Gebhardt, Harald Wei\u00df und Uwe W\u00fcstner als weitere Vorstandsmitglieder. Im Team\u00a0 wollen sie mit Ressortverantwortung und weiteren Helfern f\u00fcr Themen wie Mitgliederverwaltung oder Verbandsvertretung, die DJK weiterentwickeln um in diesen finanziell schwierigen Zeiten unsere DJK zukunftsf\u00e4hig zu erhalten.\u00a0\u00a0<\/p>\n\n\n<p><\/p>\n","protected":false},"excerpt":{"rendered":"<p>Am vergangen Freitag trafen sich gut 30 unserer Mitglieder zur diesj\u00e4hrigen Jahreshauptversammlung. Nach Berichten des Vorstandes und der Abteilungsleiter wurde zum Finanzbericht festgestellt, dass die rote Null die der Verein seit Jahren schreibt, ein Warnzeichen ist, da der bauliche Zustand, &hellip; <a href=\"https:\/\/www.djk-erlangen.de\/verein\/?p=3460\">Weiterlesen <span class=\"meta-nav\">&rarr;<\/span><\/a><\/p>\n","protected":false},"author":12,"featured_media":0,"comment_status":"closed","ping_status":"open","sticky":false,"template":"","format":"standard","meta":{"jetpack_post_was_ever_published":false,"_jetpack_newsletter_access":"","_jetpack_dont_email_post_to_subs":false,"_jetpack_newsletter_tier_id":0,"_jetpack_memberships_contains_paywalled_content":false,"_jetpack_memberships_contains_paid_content":false,"footnotes":"","jetpack_publicize_message":"","jetpack_publicize_feature_enabled":true,"jetpack_social_post_already_shared":true,"jetpack_social_options":{"image_generator_settings":{"template":"highway","default_image_id":0,"font":"","enabled":false},"version":2}},"categories":[1],"tags":[],"class_list":["post-3460","post","type-post","status-publish","format-standard","hentry","category-allgemein"],"jetpack_publicize_connections":[],"jetpack_featured_media_url":"","jetpack_sharing_enabled":true,"jetpack_shortlink":"https:\/\/wp.me\/p9Syja-TO","_links":{"self":[{"href":"https:\/\/www.djk-erlangen.de\/verein\/index.php?rest_route=\/wp\/v2\/posts\/3460","targetHints":{"allow":["GET"]}}],"collection":[{"href":"https:\/\/www.djk-erlangen.de\/verein\/index.php?rest_route=\/wp\/v2\/posts"}],"about":[{"href":"https:\/\/www.djk-erlangen.de\/verein\/index.php?rest_route=\/wp\/v2\/types\/post"}],"author":[{"embeddable":true,"href":"https:\/\/www.djk-erlangen.de\/verein\/index.php?rest_route=\/wp\/v2\/users\/12"}],"replies":[{"embeddable":true,"href":"https:\/\/www.djk-erlangen.de\/verein\/index.php?rest_route=%2Fwp%2Fv2%2Fcomments&post=3460"}],"version-history":[{"count":11,"href":"https:\/\/www.djk-erlangen.de\/verein\/index.php?rest_route=\/wp\/v2\/posts\/3460\/revisions"}],"predecessor-version":[{"id":3821,"href":"https:\/\/www.djk-erlangen.de\/verein\/index.php?rest_route=\/wp\/v2\/posts\/3460\/revisions\/3821"}],"wp:attachment":[{"href":"https:\/\/www.djk-erlangen.de\/verein\/index.php?rest_route=%2Fwp%2Fv2%2Fmedia&parent=3460"}],"wp:term":[{"taxonomy":"category","embeddable":true,"href":"https:\/\/www.djk-erlangen.de\/verein\/index.php?rest_route=%2Fwp%2Fv2%2Fcategories&post=3460"},{"taxonomy":"post_tag","embeddable":true,"href":"https:\/\/www.djk-erlangen.de\/verein\/index.php?rest_route=%2Fwp%2Fv2%2Ftags&post=3460"}],"curies":[{"name":"wp","href":"https:\/\/api.w.org\/{rel}","templated":true}]}}