{"id":3446,"date":"2023-01-18T09:41:23","date_gmt":"2023-01-18T08:41:23","guid":{"rendered":"https:\/\/www.djk-erlangen.de\/verein\/?p=3446"},"modified":"2023-04-15T06:22:49","modified_gmt":"2023-04-15T04:22:49","slug":"arbeitseinsatz-am-04-02-2023","status":"publish","type":"post","link":"https:\/\/www.djk-erlangen.de\/verein\/?p=3446","title":{"rendered":"Arbeitseinsatz am 04.02.2023"},"content":{"rendered":"\n<p>Am Samstag, 04.02.23, wollen wir uns ab 9:00 Uhr an unserer DJK treffen, um unser Gel\u00e4nde gemeinsam mit unserem Platzwart f\u00fcr das neue Jahr vorzubereiten. Dabei wollen wir Str\u00e4ucher und B\u00e4ume zur\u00fcck schneiden, das Au\u00dfengel\u00e4nde und den Kabinentrakt aufr\u00e4umen sowie kleinere Reparaturen durchf\u00fchren. Bitte meldet euch hier an, wenn ihr uns an diesem Tag unterst\u00fctzen k\u00f6nnten. Geplant ist die Aktion bis ca. 14 Uhr. Gerne k\u00f6nnt ihr uns auch stundenweise unterst\u00fctzen.<\/p>\n\n\n\n<p>Bitte meldet euch \u00fcber folgenden Link an:<\/p>\n\n\n\n<p><a href=\"https:\/\/forms.gle\/1ZdNuzxcqZmGcy8U8\">https:\/\/forms.gle\/1ZdNuzxcqZmGcy8U8<\/a><\/p>\n\n\n\n<p>Vorab schon einmal vielen Dank f\u00fcr eure Unterst\u00fctzung!<\/p>\n","protected":false},"excerpt":{"rendered":"<p>Am Samstag, 04.02.23, wollen wir uns ab 9:00 Uhr an unserer DJK treffen, um unser Gel\u00e4nde gemeinsam mit unserem Platzwart f\u00fcr das neue Jahr vorzubereiten. Dabei wollen wir Str\u00e4ucher und B\u00e4ume zur\u00fcck schneiden, das Au\u00dfengel\u00e4nde und den Kabinentrakt aufr\u00e4umen sowie &hellip; <a href=\"https:\/\/www.djk-erlangen.de\/verein\/?p=3446\">Weiterlesen <span class=\"meta-nav\">&rarr;<\/span><\/a><\/p>\n","protected":false},"author":13,"featured_media":0,"comment_status":"closed","ping_status":"open","sticky":false,"template":"","format":"standard","meta":{"jetpack_post_was_ever_published":false,"_jetpack_newsletter_access":"","_jetpack_dont_email_post_to_subs":false,"_jetpack_newsletter_tier_id":0,"_jetpack_memberships_contains_paywalled_content":false,"_jetpack_memberships_contains_paid_content":false,"footnotes":"","jetpack_publicize_message":"","jetpack_publicize_feature_enabled":true,"jetpack_social_post_already_shared":true,"jetpack_social_options":{"image_generator_settings":{"template":"highway","default_image_id":0,"font":"","enabled":false},"version":2}},"categories":[1],"tags":[],"class_list":["post-3446","post","type-post","status-publish","format-standard","hentry","category-allgemein"],"jetpack_publicize_connections":[],"jetpack_featured_media_url":"","jetpack_sharing_enabled":true,"jetpack_shortlink":"https:\/\/wp.me\/p9Syja-TA","_links":{"self":[{"href":"https:\/\/www.djk-erlangen.de\/verein\/index.php?rest_route=\/wp\/v2\/posts\/3446","targetHints":{"allow":["GET"]}}],"collection":[{"href":"https:\/\/www.djk-erlangen.de\/verein\/index.php?rest_route=\/wp\/v2\/posts"}],"about":[{"href":"https:\/\/www.djk-erlangen.de\/verein\/index.php?rest_route=\/wp\/v2\/types\/post"}],"author":[{"embeddable":true,"href":"https:\/\/www.djk-erlangen.de\/verein\/index.php?rest_route=\/wp\/v2\/users\/13"}],"replies":[{"embeddable":true,"href":"https:\/\/www.djk-erlangen.de\/verein\/index.php?rest_route=%2Fwp%2Fv2%2Fcomments&post=3446"}],"version-history":[{"count":3,"href":"https:\/\/www.djk-erlangen.de\/verein\/index.php?rest_route=\/wp\/v2\/posts\/3446\/revisions"}],"predecessor-version":[{"id":3449,"href":"https:\/\/www.djk-erlangen.de\/verein\/index.php?rest_route=\/wp\/v2\/posts\/3446\/revisions\/3449"}],"wp:attachment":[{"href":"https:\/\/www.djk-erlangen.de\/verein\/index.php?rest_route=%2Fwp%2Fv2%2Fmedia&parent=3446"}],"wp:term":[{"taxonomy":"category","embeddable":true,"href":"https:\/\/www.djk-erlangen.de\/verein\/index.php?rest_route=%2Fwp%2Fv2%2Fcategories&post=3446"},{"taxonomy":"post_tag","embeddable":true,"href":"https:\/\/www.djk-erlangen.de\/verein\/index.php?rest_route=%2Fwp%2Fv2%2Ftags&post=3446"}],"curies":[{"name":"wp","href":"https:\/\/api.w.org\/{rel}","templated":true}]}}