{"id":3441,"date":"2023-01-05T18:04:18","date_gmt":"2023-01-05T17:04:18","guid":{"rendered":"https:\/\/www.djk-erlangen.de\/verein\/?p=3441"},"modified":"2023-04-15T06:23:54","modified_gmt":"2023-04-15T04:23:54","slug":"die-djk-trauert-um-ihr-ehemaliges-vorstandsmitglied-johann-haas","status":"publish","type":"post","link":"https:\/\/www.djk-erlangen.de\/verein\/?p=3441","title":{"rendered":"Die DJK trauert um ihr ehemaliges Vorstandsmitglied Johann Haas"},"content":{"rendered":"\n<p>Am 3.1.2023 verstarb im Alter von 93 Jahren Johann Haas. Hans war \u00fcber 30 Jahre Mitglied der DJK Erlangen. Er trat dem Verein relativ sp\u00e4t bei, nachdem er bereits ein paar Jahre in der 1. Fu\u00dfballmannschaft in der auch sein Sohn spielte als Betreuer und Spielleiter mithalf.  Nach seinem Vereinsbeitritt engagierte er sich auch dar\u00fcber hinaus im Verein und geh\u00f6rte als 3. Vorstand ein paar Jahre der Vorstandschaft an.<\/p>\n\n\n\n<p>Hans war jemand auf den man sich immer verlassen konnte. Die DJK wird ihm ein dankbares Andenken bewahren.    <\/p>\n","protected":false},"excerpt":{"rendered":"<p>Am 3.1.2023 verstarb im Alter von 93 Jahren Johann Haas. Hans war \u00fcber 30 Jahre Mitglied der DJK Erlangen. Er trat dem Verein relativ sp\u00e4t bei, nachdem er bereits ein paar Jahre in der 1. Fu\u00dfballmannschaft in der auch sein &hellip; <a href=\"https:\/\/www.djk-erlangen.de\/verein\/?p=3441\">Weiterlesen <span class=\"meta-nav\">&rarr;<\/span><\/a><\/p>\n","protected":false},"author":12,"featured_media":0,"comment_status":"closed","ping_status":"open","sticky":false,"template":"","format":"standard","meta":{"jetpack_post_was_ever_published":false,"_jetpack_newsletter_access":"","_jetpack_dont_email_post_to_subs":false,"_jetpack_newsletter_tier_id":0,"_jetpack_memberships_contains_paywalled_content":false,"_jetpack_memberships_contains_paid_content":false,"footnotes":"","jetpack_publicize_message":"","jetpack_publicize_feature_enabled":true,"jetpack_social_post_already_shared":true,"jetpack_social_options":{"image_generator_settings":{"template":"highway","default_image_id":0,"font":"","enabled":false},"version":2}},"categories":[1],"tags":[],"class_list":["post-3441","post","type-post","status-publish","format-standard","hentry","category-allgemein"],"jetpack_publicize_connections":[],"jetpack_featured_media_url":"","jetpack_sharing_enabled":true,"jetpack_shortlink":"https:\/\/wp.me\/p9Syja-Tv","_links":{"self":[{"href":"https:\/\/www.djk-erlangen.de\/verein\/index.php?rest_route=\/wp\/v2\/posts\/3441","targetHints":{"allow":["GET"]}}],"collection":[{"href":"https:\/\/www.djk-erlangen.de\/verein\/index.php?rest_route=\/wp\/v2\/posts"}],"about":[{"href":"https:\/\/www.djk-erlangen.de\/verein\/index.php?rest_route=\/wp\/v2\/types\/post"}],"author":[{"embeddable":true,"href":"https:\/\/www.djk-erlangen.de\/verein\/index.php?rest_route=\/wp\/v2\/users\/12"}],"replies":[{"embeddable":true,"href":"https:\/\/www.djk-erlangen.de\/verein\/index.php?rest_route=%2Fwp%2Fv2%2Fcomments&post=3441"}],"version-history":[{"count":1,"href":"https:\/\/www.djk-erlangen.de\/verein\/index.php?rest_route=\/wp\/v2\/posts\/3441\/revisions"}],"predecessor-version":[{"id":3442,"href":"https:\/\/www.djk-erlangen.de\/verein\/index.php?rest_route=\/wp\/v2\/posts\/3441\/revisions\/3442"}],"wp:attachment":[{"href":"https:\/\/www.djk-erlangen.de\/verein\/index.php?rest_route=%2Fwp%2Fv2%2Fmedia&parent=3441"}],"wp:term":[{"taxonomy":"category","embeddable":true,"href":"https:\/\/www.djk-erlangen.de\/verein\/index.php?rest_route=%2Fwp%2Fv2%2Fcategories&post=3441"},{"taxonomy":"post_tag","embeddable":true,"href":"https:\/\/www.djk-erlangen.de\/verein\/index.php?rest_route=%2Fwp%2Fv2%2Ftags&post=3441"}],"curies":[{"name":"wp","href":"https:\/\/api.w.org\/{rel}","templated":true}]}}