{"id":3387,"date":"2022-10-08T09:03:59","date_gmt":"2022-10-08T07:03:59","guid":{"rendered":"https:\/\/www.djk-erlangen.de\/verein\/?p=3387"},"modified":"2022-10-09T18:28:56","modified_gmt":"2022-10-09T16:28:56","slug":"die-djk-trauert-um-erwin-hollfelder","status":"publish","type":"post","link":"https:\/\/www.djk-erlangen.de\/verein\/?p=3387","title":{"rendered":"Die DJK trauert um Erwin Hollfelder"},"content":{"rendered":"\n<p>Mit Erwin Hollfelder verstarb im Alter von 85 Jahren ein Mann, der die DJK Erlangen \u00fcber Jahrzehnte gepr\u00e4gt hat. Erwin war \u00fcber 50 Jahre Mitglied der DJK. Keiner verbrachte w\u00e4hrend der Bauzeit unseres Vereinsheims so viele Stunden am Bau wie Erwin. Ohne seinen Arbeitseinsatz w\u00e4re Vieles nicht m\u00f6glich geworden.<\/p>\n\n\n\n<p>Dar\u00fcber hinaus war er mehrere Jahre als 3. Vorstand Organisator in allen technischen Fragen.<\/p>\n\n\n\n<p>F\u00fcr seine Verdienste um die DJK ernannte ihn der Verein zum Ehrenmitglied.<\/p>\n\n\n\n<p>Die DJK verliert mit Erwin Hollfelder einen Macher im wahrsten Sinne des Wortes und einen gro\u00dfartigen Menschen.<\/p>\n\n\n\n<p>Wir werden Dich sehr vermissen. <\/p>\n","protected":false},"excerpt":{"rendered":"<p>Mit Erwin Hollfelder verstarb im Alter von 85 Jahren ein Mann, der die DJK Erlangen \u00fcber Jahrzehnte gepr\u00e4gt hat. Erwin war \u00fcber 50 Jahre Mitglied der DJK. Keiner verbrachte w\u00e4hrend der Bauzeit unseres Vereinsheims so viele Stunden am Bau wie &hellip; <a href=\"https:\/\/www.djk-erlangen.de\/verein\/?p=3387\">Weiterlesen <span class=\"meta-nav\">&rarr;<\/span><\/a><\/p>\n","protected":false},"author":12,"featured_media":0,"comment_status":"closed","ping_status":"closed","sticky":false,"template":"","format":"standard","meta":{"jetpack_post_was_ever_published":false,"_jetpack_newsletter_access":"","_jetpack_dont_email_post_to_subs":false,"_jetpack_newsletter_tier_id":0,"_jetpack_memberships_contains_paywalled_content":false,"_jetpack_memberships_contains_paid_content":false,"footnotes":"","jetpack_publicize_message":"","jetpack_publicize_feature_enabled":true,"jetpack_social_post_already_shared":true,"jetpack_social_options":{"image_generator_settings":{"template":"highway","default_image_id":0,"font":"","enabled":false},"version":2}},"categories":[1],"tags":[],"class_list":["post-3387","post","type-post","status-publish","format-standard","hentry","category-allgemein"],"jetpack_publicize_connections":[],"jetpack_featured_media_url":"","jetpack_sharing_enabled":true,"jetpack_shortlink":"https:\/\/wp.me\/p9Syja-SD","_links":{"self":[{"href":"https:\/\/www.djk-erlangen.de\/verein\/index.php?rest_route=\/wp\/v2\/posts\/3387","targetHints":{"allow":["GET"]}}],"collection":[{"href":"https:\/\/www.djk-erlangen.de\/verein\/index.php?rest_route=\/wp\/v2\/posts"}],"about":[{"href":"https:\/\/www.djk-erlangen.de\/verein\/index.php?rest_route=\/wp\/v2\/types\/post"}],"author":[{"embeddable":true,"href":"https:\/\/www.djk-erlangen.de\/verein\/index.php?rest_route=\/wp\/v2\/users\/12"}],"replies":[{"embeddable":true,"href":"https:\/\/www.djk-erlangen.de\/verein\/index.php?rest_route=%2Fwp%2Fv2%2Fcomments&post=3387"}],"version-history":[{"count":2,"href":"https:\/\/www.djk-erlangen.de\/verein\/index.php?rest_route=\/wp\/v2\/posts\/3387\/revisions"}],"predecessor-version":[{"id":3393,"href":"https:\/\/www.djk-erlangen.de\/verein\/index.php?rest_route=\/wp\/v2\/posts\/3387\/revisions\/3393"}],"wp:attachment":[{"href":"https:\/\/www.djk-erlangen.de\/verein\/index.php?rest_route=%2Fwp%2Fv2%2Fmedia&parent=3387"}],"wp:term":[{"taxonomy":"category","embeddable":true,"href":"https:\/\/www.djk-erlangen.de\/verein\/index.php?rest_route=%2Fwp%2Fv2%2Fcategories&post=3387"},{"taxonomy":"post_tag","embeddable":true,"href":"https:\/\/www.djk-erlangen.de\/verein\/index.php?rest_route=%2Fwp%2Fv2%2Ftags&post=3387"}],"curies":[{"name":"wp","href":"https:\/\/api.w.org\/{rel}","templated":true}]}}