{"id":3385,"date":"2022-10-07T17:09:07","date_gmt":"2022-10-07T15:09:07","guid":{"rendered":"https:\/\/www.djk-erlangen.de\/verein\/?p=3385"},"modified":"2022-10-09T18:27:36","modified_gmt":"2022-10-09T16:27:36","slug":"herbstaktion-der-djk-sportgaststaette","status":"publish","type":"post","link":"https:\/\/www.djk-erlangen.de\/verein\/?p=3385","title":{"rendered":"Herbstaktion der DJK-Sportgastst\u00e4tte &#8222;Timeout&#8220;"},"content":{"rendered":"\n<p>Mit Beginn der Wintersaison gibt es in unserer <a rel=\"noreferrer noopener\" href=\"https:\/\/www.djk-erlangen.de\/verein\/?page_id=1642\" data-type=\"URL\" data-id=\"https:\/\/www.djk-erlangen.de\/verein\/?page_id=1642\" target=\"_blank\">Sportgastst\u00e4tte Timeout<\/a> eine <strong>neue Speisekarte<\/strong> und auch wieder regelm\u00e4\u00dfig <strong>Essen zum Abholen bzw. mit Lieferservice<\/strong>. <br>Antonia steht selbst in der K\u00fcche und kocht mit viel Liebe!<\/p>\n\n\n\n<p>Neben den wohlbekannten Gerichten aus der aktuellen Speisekarte gibt es zuk\u00fcnftig auch <a rel=\"noreferrer noopener\" href=\"https:\/\/www.facebook.com\/DjkErlangen.TO\" target=\"_blank\"><strong>Tagesangebote mit hausgemachten Gerichten<\/strong><\/a>.<\/p>\n\n\n\n<p>Unsere <a href=\"https:\/\/www.djk-erlangen.de\/verein\/?page_id=1642\" data-type=\"URL\" data-id=\"https:\/\/www.djk-erlangen.de\/verein\/?page_id=1642\">Gastst\u00e4tte<\/a> ist von Dienstag bis Sonntag in der Regel ab 16.30h ge\u00f6ffnet.<\/p>\n\n\n\n<p>HINWEIS:<br><span style=\"font-size: revert; color: initial;\">Auch wenn es derzeit noch herbstlich sch\u00f6n ist, allzu lang ist es es nicht mehr bis Weihnachten. Noch gibt es freie Termine f\u00fcr Ihre Weihnachtsfeiern, aber bitte gehen Sie rechtzeitig auf Aki und Antonia zu!<\/span><\/p>\n\n\n\n<p>  <\/p>\n","protected":false},"excerpt":{"rendered":"<p>Mit Beginn der Wintersaison gibt es in unserer Sportgastst\u00e4tte Timeout eine neue Speisekarte und auch wieder regelm\u00e4\u00dfig Essen zum Abholen bzw. mit Lieferservice. Antonia steht selbst in der K\u00fcche und kocht mit viel Liebe! Neben den wohlbekannten Gerichten aus der &hellip; <a href=\"https:\/\/www.djk-erlangen.de\/verein\/?p=3385\">Weiterlesen <span class=\"meta-nav\">&rarr;<\/span><\/a><\/p>\n","protected":false},"author":12,"featured_media":0,"comment_status":"closed","ping_status":"closed","sticky":false,"template":"","format":"standard","meta":{"jetpack_post_was_ever_published":false,"_jetpack_newsletter_access":"","_jetpack_dont_email_post_to_subs":false,"_jetpack_newsletter_tier_id":0,"_jetpack_memberships_contains_paywalled_content":false,"_jetpack_memberships_contains_paid_content":false,"footnotes":"","jetpack_publicize_message":"","jetpack_publicize_feature_enabled":true,"jetpack_social_post_already_shared":true,"jetpack_social_options":{"image_generator_settings":{"template":"highway","default_image_id":0,"font":"","enabled":false},"version":2}},"categories":[1,5],"tags":[],"class_list":["post-3385","post","type-post","status-publish","format-standard","hentry","category-allgemein","category-gastro"],"jetpack_publicize_connections":[],"jetpack_featured_media_url":"","jetpack_sharing_enabled":true,"jetpack_shortlink":"https:\/\/wp.me\/p9Syja-SB","_links":{"self":[{"href":"https:\/\/www.djk-erlangen.de\/verein\/index.php?rest_route=\/wp\/v2\/posts\/3385","targetHints":{"allow":["GET"]}}],"collection":[{"href":"https:\/\/www.djk-erlangen.de\/verein\/index.php?rest_route=\/wp\/v2\/posts"}],"about":[{"href":"https:\/\/www.djk-erlangen.de\/verein\/index.php?rest_route=\/wp\/v2\/types\/post"}],"author":[{"embeddable":true,"href":"https:\/\/www.djk-erlangen.de\/verein\/index.php?rest_route=\/wp\/v2\/users\/12"}],"replies":[{"embeddable":true,"href":"https:\/\/www.djk-erlangen.de\/verein\/index.php?rest_route=%2Fwp%2Fv2%2Fcomments&post=3385"}],"version-history":[{"count":3,"href":"https:\/\/www.djk-erlangen.de\/verein\/index.php?rest_route=\/wp\/v2\/posts\/3385\/revisions"}],"predecessor-version":[{"id":3392,"href":"https:\/\/www.djk-erlangen.de\/verein\/index.php?rest_route=\/wp\/v2\/posts\/3385\/revisions\/3392"}],"wp:attachment":[{"href":"https:\/\/www.djk-erlangen.de\/verein\/index.php?rest_route=%2Fwp%2Fv2%2Fmedia&parent=3385"}],"wp:term":[{"taxonomy":"category","embeddable":true,"href":"https:\/\/www.djk-erlangen.de\/verein\/index.php?rest_route=%2Fwp%2Fv2%2Fcategories&post=3385"},{"taxonomy":"post_tag","embeddable":true,"href":"https:\/\/www.djk-erlangen.de\/verein\/index.php?rest_route=%2Fwp%2Fv2%2Ftags&post=3385"}],"curies":[{"name":"wp","href":"https:\/\/api.w.org\/{rel}","templated":true}]}}