{"id":3368,"date":"2022-08-01T15:58:10","date_gmt":"2022-08-01T13:58:10","guid":{"rendered":"https:\/\/www.djk-erlangen.de\/verein\/?p=3368"},"modified":"2022-10-09T18:30:14","modified_gmt":"2022-10-09T16:30:14","slug":"sportplakette-des-bundespraesidenten-fuer-die-djk","status":"publish","type":"post","link":"https:\/\/www.djk-erlangen.de\/verein\/?p=3368","title":{"rendered":"Sportplakette des Bundespr\u00e4sidenten f\u00fcr die DJK !"},"content":{"rendered":"\n<p>Die Sportplakette des Bundespr\u00e4sidenten ist die h\u00f6chste staatliche Auszeichnung f\u00fcr Turn- oder Sportverb\u00e4nde und -vereine in der Bundesrepublik Deutschland. Sie kann an Sport- oder Sch\u00fctzenvereine, die seit mindestens 100 Jahren bestehen und sich seither in besonderem Ma\u00dfe f\u00fcr die Pflege und Entwicklung des Sports einsetzen und dadurch f\u00fcr ein lebendiges Gemeinschaftsleben engagieren, verliehen werden.<\/p>\n\n\n\n<p>Am Freitag, den 29.07.2022 fand die diesj\u00e4hrige Verleihung f\u00fcr Bayern durch den Sport- und Innenminister Joachim Herrmann statt. <br>Als einer von nur zwei mittelfr\u00e4nkischen Vereinen wurde dabei die DJK Erlangen ausgezeichnet. <\/p>\n\n\n\n<figure class=\"wp-block-image size-large\"><img loading=\"lazy\" decoding=\"async\" width=\"1024\" height=\"683\" src=\"https:\/\/www.djk-erlangen.de\/verein\/wp-content\/uploads\/2022\/08\/Sportplakette-des-Bundespraesidenten-29.07-45-DJK-Erlangen-1024x683.jpg\" alt=\"\" class=\"wp-image-3372\" srcset=\"https:\/\/www.djk-erlangen.de\/verein\/wp-content\/uploads\/2022\/08\/Sportplakette-des-Bundespraesidenten-29.07-45-DJK-Erlangen-1024x683.jpg 1024w, https:\/\/www.djk-erlangen.de\/verein\/wp-content\/uploads\/2022\/08\/Sportplakette-des-Bundespraesidenten-29.07-45-DJK-Erlangen-300x200.jpg 300w, https:\/\/www.djk-erlangen.de\/verein\/wp-content\/uploads\/2022\/08\/Sportplakette-des-Bundespraesidenten-29.07-45-DJK-Erlangen-768x512.jpg 768w, https:\/\/www.djk-erlangen.de\/verein\/wp-content\/uploads\/2022\/08\/Sportplakette-des-Bundespraesidenten-29.07-45-DJK-Erlangen-1536x1024.jpg 1536w, https:\/\/www.djk-erlangen.de\/verein\/wp-content\/uploads\/2022\/08\/Sportplakette-des-Bundespraesidenten-29.07-45-DJK-Erlangen-2048x1365.jpg 2048w\" sizes=\"auto, (max-width: 1024px) 100vw, 1024px\" \/><figcaption>Verleihung der Sportplakette des Bundespr\u00e4sidenten durch Innenminister Herrmann (rechts) und BLSV Vizepr\u00e4sident Kr\u00e4nzle <\/figcaption><\/figure>\n","protected":false},"excerpt":{"rendered":"<p>Die Sportplakette des Bundespr\u00e4sidenten ist die h\u00f6chste staatliche Auszeichnung f\u00fcr Turn- oder Sportverb\u00e4nde und -vereine in der Bundesrepublik Deutschland. Sie kann an Sport- oder Sch\u00fctzenvereine, die seit mindestens 100 Jahren bestehen und sich seither in besonderem Ma\u00dfe f\u00fcr die Pflege &hellip; <a href=\"https:\/\/www.djk-erlangen.de\/verein\/?p=3368\">Weiterlesen <span class=\"meta-nav\">&rarr;<\/span><\/a><\/p>\n","protected":false},"author":12,"featured_media":0,"comment_status":"closed","ping_status":"open","sticky":false,"template":"","format":"standard","meta":{"jetpack_post_was_ever_published":false,"_jetpack_newsletter_access":"","_jetpack_dont_email_post_to_subs":false,"_jetpack_newsletter_tier_id":0,"_jetpack_memberships_contains_paywalled_content":false,"_jetpack_memberships_contains_paid_content":false,"footnotes":"","jetpack_publicize_message":"","jetpack_publicize_feature_enabled":true,"jetpack_social_post_already_shared":true,"jetpack_social_options":{"image_generator_settings":{"template":"highway","default_image_id":0,"font":"","enabled":false},"version":2}},"categories":[1],"tags":[],"class_list":["post-3368","post","type-post","status-publish","format-standard","hentry","category-allgemein"],"jetpack_publicize_connections":[],"jetpack_featured_media_url":"","jetpack_sharing_enabled":true,"jetpack_shortlink":"https:\/\/wp.me\/p9Syja-Sk","_links":{"self":[{"href":"https:\/\/www.djk-erlangen.de\/verein\/index.php?rest_route=\/wp\/v2\/posts\/3368","targetHints":{"allow":["GET"]}}],"collection":[{"href":"https:\/\/www.djk-erlangen.de\/verein\/index.php?rest_route=\/wp\/v2\/posts"}],"about":[{"href":"https:\/\/www.djk-erlangen.de\/verein\/index.php?rest_route=\/wp\/v2\/types\/post"}],"author":[{"embeddable":true,"href":"https:\/\/www.djk-erlangen.de\/verein\/index.php?rest_route=\/wp\/v2\/users\/12"}],"replies":[{"embeddable":true,"href":"https:\/\/www.djk-erlangen.de\/verein\/index.php?rest_route=%2Fwp%2Fv2%2Fcomments&post=3368"}],"version-history":[{"count":6,"href":"https:\/\/www.djk-erlangen.de\/verein\/index.php?rest_route=\/wp\/v2\/posts\/3368\/revisions"}],"predecessor-version":[{"id":3394,"href":"https:\/\/www.djk-erlangen.de\/verein\/index.php?rest_route=\/wp\/v2\/posts\/3368\/revisions\/3394"}],"wp:attachment":[{"href":"https:\/\/www.djk-erlangen.de\/verein\/index.php?rest_route=%2Fwp%2Fv2%2Fmedia&parent=3368"}],"wp:term":[{"taxonomy":"category","embeddable":true,"href":"https:\/\/www.djk-erlangen.de\/verein\/index.php?rest_route=%2Fwp%2Fv2%2Fcategories&post=3368"},{"taxonomy":"post_tag","embeddable":true,"href":"https:\/\/www.djk-erlangen.de\/verein\/index.php?rest_route=%2Fwp%2Fv2%2Ftags&post=3368"}],"curies":[{"name":"wp","href":"https:\/\/api.w.org\/{rel}","templated":true}]}}