{"id":3339,"date":"2022-05-25T08:21:38","date_gmt":"2022-05-25T06:21:38","guid":{"rendered":"https:\/\/www.djk-erlangen.de\/verein\/?p=3339"},"modified":"2022-06-08T06:35:24","modified_gmt":"2022-06-08T04:35:24","slug":"jahreshauptversammlung-2011-2-2","status":"publish","type":"post","link":"https:\/\/www.djk-erlangen.de\/verein\/?p=3339","title":{"rendered":"Jahreshauptversammlung 2022"},"content":{"rendered":"\n<h4 class=\"wp-block-heading\">Einladung zur Jahreshauptversammlung 2022<\/h4>\n\n\n\n<p>am <strong>Donnerstag 23. Juni 2022 <\/strong>um <strong>19.30 Uhr <\/strong>im DJK-Saal<\/p>\n\n\n\n<p class=\"has-black-color has-text-color\"><strong>Tagesordnung:<\/strong><\/p>\n\n\n\n<p>1. Begr\u00fc\u00dfung, Feststellung  der Beschlu\u00dff\u00e4higkeit, Totengedenken<\/p>\n\n\n\n<p>2. Bericht der Vorstandschaft<\/p>\n\n\n\n<p>3. Vorstellung des Leuchtturm-Projektes zur Generalsanierung der Geb\u00e4ude und Au\u00dfenanlagen<\/p>\n\n\n\n<p>4. Berichte der Abteilungen<\/p>\n\n\n\n<p>5. Kassenbericht<\/p>\n\n\n\n<p>6. Bericht der Kassenpr\u00fcfer<\/p>\n\n\n\n<p>7.  Aussprache zu den Berichten <\/p>\n\n\n\n<p>8. Bildung eines Wahlausschusses<\/p>\n\n\n\n<p>9. Neuwahlen<\/p>\n\n\n\n<p>10. Mitgliedsbeitr\u00e4ge 2023<\/p>\n\n\n\n<p>11. Ehrung langj\u00e4hriger Mitglieder<\/p>\n\n\n\n<p>12. Berufung eines ehrenamtlichen Gesch\u00e4ftsf\u00fchrers (gem\u00e4\u00df \u00a7 6 der Satzung)<\/p>\n\n\n\n<p>13. Antr\u00e4ge, Aussprache, Verschiedenes<\/p>\n\n\n\n<p>Antr\u00e4ge zu Punkten der Tagesordnung m\u00fcssen gem\u00e4\u00df Satzung bis 16. Juni 2022, 7 Tage vor dem Termin der Mitgliederversammlung, schriftlich beim 1. Vorsitzenden eingereicht werden.<\/p>\n\n\n\n<p>Die endg\u00fcltige Tagesordnung wird sp\u00e4testens 5 Tage vor dem Versam\u00admlungs\u00adtermin, d.h. sp\u00e4testens am 18. Juni 2022 durch Aushang am Vereinsheim sowie auf der Homepage des Vereins (<a href=\"http:\/\/www.djk-erlangen.de\">www.djk-erlangen.de<\/a>) ver\u00f6ffentlicht.<\/p>\n\n\n\n<p>Bitte beachten Sie die zum Zeitpunkt der Versammlung geltenden Hygienevorschriften.<\/p>\n\n\n\n<p><strong>Ihre Vorstandschaft ,<\/strong> gez. Matthias Distler<\/p>\n\n\n\n<p><\/p>\n\n\n\n<p><\/p>\n","protected":false},"excerpt":{"rendered":"<p>Einladung zur Jahreshauptversammlung 2022 am Donnerstag 23. Juni 2022 um 19.30 Uhr im DJK-Saal Tagesordnung: 1. Begr\u00fc\u00dfung, Feststellung der Beschlu\u00dff\u00e4higkeit, Totengedenken 2. Bericht der Vorstandschaft 3. Vorstellung des Leuchtturm-Projektes zur Generalsanierung der Geb\u00e4ude und Au\u00dfenanlagen 4. Berichte der Abteilungen 5. &hellip; <a href=\"https:\/\/www.djk-erlangen.de\/verein\/?p=3339\">Weiterlesen <span class=\"meta-nav\">&rarr;<\/span><\/a><\/p>\n","protected":false},"author":12,"featured_media":0,"comment_status":"closed","ping_status":"closed","sticky":false,"template":"","format":"standard","meta":{"jetpack_post_was_ever_published":false,"_jetpack_newsletter_access":"","_jetpack_dont_email_post_to_subs":false,"_jetpack_newsletter_tier_id":0,"_jetpack_memberships_contains_paywalled_content":false,"_jetpack_memberships_contains_paid_content":false,"footnotes":"","jetpack_publicize_message":"","jetpack_publicize_feature_enabled":true,"jetpack_social_post_already_shared":true,"jetpack_social_options":{"image_generator_settings":{"template":"highway","default_image_id":0,"font":"","enabled":false},"version":2}},"categories":[1],"tags":[],"class_list":["post-3339","post","type-post","status-publish","format-standard","hentry","category-allgemein"],"jetpack_publicize_connections":[],"jetpack_featured_media_url":"","jetpack_sharing_enabled":true,"jetpack_shortlink":"https:\/\/wp.me\/p9Syja-RR","_links":{"self":[{"href":"https:\/\/www.djk-erlangen.de\/verein\/index.php?rest_route=\/wp\/v2\/posts\/3339","targetHints":{"allow":["GET"]}}],"collection":[{"href":"https:\/\/www.djk-erlangen.de\/verein\/index.php?rest_route=\/wp\/v2\/posts"}],"about":[{"href":"https:\/\/www.djk-erlangen.de\/verein\/index.php?rest_route=\/wp\/v2\/types\/post"}],"author":[{"embeddable":true,"href":"https:\/\/www.djk-erlangen.de\/verein\/index.php?rest_route=\/wp\/v2\/users\/12"}],"replies":[{"embeddable":true,"href":"https:\/\/www.djk-erlangen.de\/verein\/index.php?rest_route=%2Fwp%2Fv2%2Fcomments&post=3339"}],"version-history":[{"count":2,"href":"https:\/\/www.djk-erlangen.de\/verein\/index.php?rest_route=\/wp\/v2\/posts\/3339\/revisions"}],"predecessor-version":[{"id":3342,"href":"https:\/\/www.djk-erlangen.de\/verein\/index.php?rest_route=\/wp\/v2\/posts\/3339\/revisions\/3342"}],"wp:attachment":[{"href":"https:\/\/www.djk-erlangen.de\/verein\/index.php?rest_route=%2Fwp%2Fv2%2Fmedia&parent=3339"}],"wp:term":[{"taxonomy":"category","embeddable":true,"href":"https:\/\/www.djk-erlangen.de\/verein\/index.php?rest_route=%2Fwp%2Fv2%2Fcategories&post=3339"},{"taxonomy":"post_tag","embeddable":true,"href":"https:\/\/www.djk-erlangen.de\/verein\/index.php?rest_route=%2Fwp%2Fv2%2Ftags&post=3339"}],"curies":[{"name":"wp","href":"https:\/\/api.w.org\/{rel}","templated":true}]}}