{"id":3329,"date":"2022-05-08T19:00:00","date_gmt":"2022-05-08T17:00:00","guid":{"rendered":"https:\/\/www.djk-erlangen.de\/verein\/?p=3329"},"modified":"2022-07-04T18:07:22","modified_gmt":"2022-07-04T16:07:22","slug":"die-27-erlanger-raedli-2022-bei-der-djk","status":"publish","type":"post","link":"https:\/\/www.djk-erlangen.de\/verein\/?p=3329","title":{"rendered":"Die 27. Erlanger R\u00e4dli 2022 bei der DJK"},"content":{"rendered":"\n<div class=\"wp-block-media-text alignwide is-stacked-on-mobile\" style=\"grid-template-columns:60% auto\"><figure class=\"wp-block-media-text__media\"><a href=\"https:\/\/www.djk-erlangen.de\/verein\/wp-content\/uploads\/2022\/06\/Drohne_0909-scaled.jpg\"><img loading=\"lazy\" decoding=\"async\" width=\"1024\" height=\"576\" src=\"https:\/\/www.djk-erlangen.de\/verein\/wp-content\/uploads\/2022\/06\/Drohne_0909-1024x576.jpg\" alt=\"\" class=\"wp-image-3358 size-full\" srcset=\"https:\/\/www.djk-erlangen.de\/verein\/wp-content\/uploads\/2022\/06\/Drohne_0909-1024x576.jpg 1024w, https:\/\/www.djk-erlangen.de\/verein\/wp-content\/uploads\/2022\/06\/Drohne_0909-300x169.jpg 300w, https:\/\/www.djk-erlangen.de\/verein\/wp-content\/uploads\/2022\/06\/Drohne_0909-768x432.jpg 768w, https:\/\/www.djk-erlangen.de\/verein\/wp-content\/uploads\/2022\/06\/Drohne_0909-1536x864.jpg 1536w, https:\/\/www.djk-erlangen.de\/verein\/wp-content\/uploads\/2022\/06\/Drohne_0909-2048x1152.jpg 2048w\" sizes=\"auto, (max-width: 1024px) 100vw, 1024px\" \/><\/a><\/figure><div class=\"wp-block-media-text__content\">\n<p>Am Sonntag, 1. Mai 2022 machte die <a rel=\"noreferrer noopener\" href=\"https:\/\/www.raedli.de\" target=\"_blank\"><strong>27. Erlanger R\u00e4dli<\/strong><\/a> nach zwei  Jahren Corona-Pause endlich wieder Station auf unserem <a rel=\"noreferrer noopener\" href=\"http:\/\/djk-erlangen.de\" target=\"_blank\"><strong>DJK<\/strong><\/a>-Sportgel\u00e4nde.<\/p>\n<\/div><\/div>\n\n\n\n<div style=\"height:20px\" aria-hidden=\"true\" class=\"wp-block-spacer\"><\/div>\n\n\n\n<div class=\"wp-block-media-text alignwide has-media-on-the-right is-stacked-on-mobile\" style=\"grid-template-columns:auto 60%\"><figure class=\"wp-block-media-text__media\"><a href=\"https:\/\/www.djk-erlangen.de\/verein\/wp-content\/uploads\/2022\/06\/a-vario-f-20220501_132900-9.jpg\"><img loading=\"lazy\" decoding=\"async\" width=\"853\" height=\"480\" src=\"https:\/\/www.djk-erlangen.de\/verein\/wp-content\/uploads\/2022\/06\/a-vario-f-20220501_132900-9.jpg\" alt=\"\" class=\"wp-image-3353 size-full\" srcset=\"https:\/\/www.djk-erlangen.de\/verein\/wp-content\/uploads\/2022\/06\/a-vario-f-20220501_132900-9.jpg 853w, https:\/\/www.djk-erlangen.de\/verein\/wp-content\/uploads\/2022\/06\/a-vario-f-20220501_132900-9-300x169.jpg 300w, https:\/\/www.djk-erlangen.de\/verein\/wp-content\/uploads\/2022\/06\/a-vario-f-20220501_132900-9-768x432.jpg 768w\" sizes=\"auto, (max-width: 853px) 100vw, 853px\" \/><\/a><\/figure><div class=\"wp-block-media-text__content\">\n<p>F\u00fcr die <strong>kleinen <\/strong>und <strong>gro\u00dfen R\u00e4dlibegeisterten <\/strong>war bei uns Mitmachen angesagt, da man das begehrte L\u00f6sungswort nur nach &#8222;erfolgreichem&#8220; Bew\u00e4ltigen unseres abwechslungsreichen <strong>Geschicklichkeitsparcours <\/strong>ergattern konnte.<br><sub>Foto: \u00a9<\/sub> <sub>Klaus-Dieter Schreiter, NN<\/sub><\/p>\n<\/div><\/div>\n\n\n\n<div style=\"height:20px\" aria-hidden=\"true\" class=\"wp-block-spacer\"><\/div>\n\n\n\n<div class=\"wp-block-media-text alignwide is-stacked-on-mobile\" style=\"grid-template-columns:30% auto\"><figure class=\"wp-block-media-text__media\"><img loading=\"lazy\" decoding=\"async\" width=\"768\" height=\"1024\" src=\"https:\/\/www.djk-erlangen.de\/verein\/wp-content\/uploads\/2022\/06\/WhatsApp-Image-2022-05-01-at-20.27.40-1-768x1024.jpeg\" alt=\"\" class=\"wp-image-3355 size-full\" srcset=\"https:\/\/www.djk-erlangen.de\/verein\/wp-content\/uploads\/2022\/06\/WhatsApp-Image-2022-05-01-at-20.27.40-1-768x1024.jpeg 768w, https:\/\/www.djk-erlangen.de\/verein\/wp-content\/uploads\/2022\/06\/WhatsApp-Image-2022-05-01-at-20.27.40-1-225x300.jpeg 225w, https:\/\/www.djk-erlangen.de\/verein\/wp-content\/uploads\/2022\/06\/WhatsApp-Image-2022-05-01-at-20.27.40-1-1152x1536.jpeg 1152w, https:\/\/www.djk-erlangen.de\/verein\/wp-content\/uploads\/2022\/06\/WhatsApp-Image-2022-05-01-at-20.27.40-1.jpeg 1536w\" sizes=\"auto, (max-width: 768px) 100vw, 768px\" \/><\/figure><div class=\"wp-block-media-text__content\">\n<p>Wer sich dann noch die Zeit f\u00fcr eine Erholungspause nahm, der konnte sich mit frischem <strong>Kaffee und vielen selbstgebackenen Kuchen <\/strong>st\u00e4rken.<\/p>\n\n\n\n<p><br>Alle hierbei eingenommenen <strong>Spendengelder <\/strong>wurden KOMPLETT an die <strong>Erlanger Tafel <\/strong>\u00fcbergeben.<\/p>\n<\/div><\/div>\n\n\n\n<div style=\"height:20px\" aria-hidden=\"true\" class=\"wp-block-spacer\"><\/div>\n\n\n\n<div class=\"wp-block-media-text alignwide has-media-on-the-right is-stacked-on-mobile\"><figure class=\"wp-block-media-text__media\"><a href=\"https:\/\/www.djk-erlangen.de\/verein\/wp-content\/uploads\/2022\/07\/279473084_127738399865104_5427619232690800117_n.jpg\"><img loading=\"lazy\" decoding=\"async\" width=\"1024\" height=\"771\" src=\"https:\/\/www.djk-erlangen.de\/verein\/wp-content\/uploads\/2022\/07\/279473084_127738399865104_5427619232690800117_n-1024x771.jpg\" alt=\"\" class=\"wp-image-3364 size-full\" srcset=\"https:\/\/www.djk-erlangen.de\/verein\/wp-content\/uploads\/2022\/07\/279473084_127738399865104_5427619232690800117_n-1024x771.jpg 1024w, https:\/\/www.djk-erlangen.de\/verein\/wp-content\/uploads\/2022\/07\/279473084_127738399865104_5427619232690800117_n-300x226.jpg 300w, https:\/\/www.djk-erlangen.de\/verein\/wp-content\/uploads\/2022\/07\/279473084_127738399865104_5427619232690800117_n-768x578.jpg 768w, https:\/\/www.djk-erlangen.de\/verein\/wp-content\/uploads\/2022\/07\/279473084_127738399865104_5427619232690800117_n-1536x1157.jpg 1536w, https:\/\/www.djk-erlangen.de\/verein\/wp-content\/uploads\/2022\/07\/279473084_127738399865104_5427619232690800117_n.jpg 2040w\" sizes=\"auto, (max-width: 1024px) 100vw, 1024px\" \/><\/a><\/figure><div class=\"wp-block-media-text__content\">\n<p>Auch <strong>Antonia &amp; Aki<\/strong> mit ihrem Team von unserer <a href=\"https:\/\/www.djk-erlangen.de\/verein\/?page_id=1642\">DJK-Gastst\u00e4tte &#8222;Timeout&#8220;<\/a> haben die flei\u00dfigen Radelnden mit Gegrilltem und k\u00fchlen Getr\u00e4nken auf unserer Terrasse versorgt.<\/p>\n<\/div><\/div>\n\n\n\n<div style=\"height:20px\" aria-hidden=\"true\" class=\"wp-block-spacer\"><\/div>\n\n\n\n<h2 class=\"has-text-align-center wp-block-heading\">Wir haben uns sehr gefreut,<br>dass Ihr bei uns vorbeigeschaut habt!<\/h2>\n\n\n\n<p><\/p>\n","protected":false},"excerpt":{"rendered":"<p>Am Sonntag, 1. Mai 2022 machte die 27. Erlanger R\u00e4dli nach zwei Jahren Corona-Pause endlich wieder Station auf unserem DJK-Sportgel\u00e4nde. F\u00fcr die kleinen und gro\u00dfen R\u00e4dlibegeisterten war bei uns Mitmachen angesagt, da man das begehrte L\u00f6sungswort nur nach &#8222;erfolgreichem&#8220; Bew\u00e4ltigen &hellip; <a href=\"https:\/\/www.djk-erlangen.de\/verein\/?p=3329\">Weiterlesen <span class=\"meta-nav\">&rarr;<\/span><\/a><\/p>\n","protected":false},"author":5,"featured_media":0,"comment_status":"open","ping_status":"open","sticky":false,"template":"","format":"standard","meta":{"jetpack_post_was_ever_published":false,"_jetpack_newsletter_access":"","_jetpack_dont_email_post_to_subs":false,"_jetpack_newsletter_tier_id":0,"_jetpack_memberships_contains_paywalled_content":false,"_jetpack_memberships_contains_paid_content":false,"footnotes":"","jetpack_publicize_message":"","jetpack_publicize_feature_enabled":true,"jetpack_social_post_already_shared":true,"jetpack_social_options":{"image_generator_settings":{"template":"highway","default_image_id":0,"font":"","enabled":false},"version":2}},"categories":[1],"tags":[],"class_list":["post-3329","post","type-post","status-publish","format-standard","hentry","category-allgemein"],"jetpack_publicize_connections":[],"jetpack_featured_media_url":"","jetpack_sharing_enabled":true,"jetpack_shortlink":"https:\/\/wp.me\/p9Syja-RH","_links":{"self":[{"href":"https:\/\/www.djk-erlangen.de\/verein\/index.php?rest_route=\/wp\/v2\/posts\/3329","targetHints":{"allow":["GET"]}}],"collection":[{"href":"https:\/\/www.djk-erlangen.de\/verein\/index.php?rest_route=\/wp\/v2\/posts"}],"about":[{"href":"https:\/\/www.djk-erlangen.de\/verein\/index.php?rest_route=\/wp\/v2\/types\/post"}],"author":[{"embeddable":true,"href":"https:\/\/www.djk-erlangen.de\/verein\/index.php?rest_route=\/wp\/v2\/users\/5"}],"replies":[{"embeddable":true,"href":"https:\/\/www.djk-erlangen.de\/verein\/index.php?rest_route=%2Fwp%2Fv2%2Fcomments&post=3329"}],"version-history":[{"count":14,"href":"https:\/\/www.djk-erlangen.de\/verein\/index.php?rest_route=\/wp\/v2\/posts\/3329\/revisions"}],"predecessor-version":[{"id":3366,"href":"https:\/\/www.djk-erlangen.de\/verein\/index.php?rest_route=\/wp\/v2\/posts\/3329\/revisions\/3366"}],"wp:attachment":[{"href":"https:\/\/www.djk-erlangen.de\/verein\/index.php?rest_route=%2Fwp%2Fv2%2Fmedia&parent=3329"}],"wp:term":[{"taxonomy":"category","embeddable":true,"href":"https:\/\/www.djk-erlangen.de\/verein\/index.php?rest_route=%2Fwp%2Fv2%2Fcategories&post=3329"},{"taxonomy":"post_tag","embeddable":true,"href":"https:\/\/www.djk-erlangen.de\/verein\/index.php?rest_route=%2Fwp%2Fv2%2Ftags&post=3329"}],"curies":[{"name":"wp","href":"https:\/\/api.w.org\/{rel}","templated":true}]}}