{"id":3293,"date":"2023-04-21T15:27:58","date_gmt":"2023-04-21T13:27:58","guid":{"rendered":"https:\/\/www.djk-erlangen.de\/verein\/?p=3293"},"modified":"2023-05-13T18:53:05","modified_gmt":"2023-05-13T16:53:05","slug":"28-erlanger-raedli-2023-bei-der-djk","status":"publish","type":"post","link":"https:\/\/www.djk-erlangen.de\/verein\/?p=3293","title":{"rendered":"28. Erlanger R\u00e4dli 2023 bei der DJK"},"content":{"rendered":"\n<div class=\"wp-block-media-text alignwide is-stacked-on-mobile\"><figure class=\"wp-block-media-text__media\"><img loading=\"lazy\" decoding=\"async\" width=\"189\" height=\"161\" src=\"https:\/\/www.djk-erlangen.de\/verein\/wp-content\/uploads\/2023\/04\/Screenshot-2023-04-22-072333.png\" alt=\"\" class=\"wp-image-3501 size-full\"\/><\/figure><div class=\"wp-block-media-text__content\">\n<p>Am Montag, 1. Mai 2023 macht die<br><a rel=\"noreferrer noopener\" href=\"https:\/\/www.raedli.de\" target=\"_blank\"><strong>28. Erlanger R\u00e4dli<\/strong><\/a> wieder Station auf unserem <a rel=\"noreferrer noopener\" href=\"http:\/\/djk-erlangen.de\" target=\"_blank\"><strong>DJK<\/strong><\/a>-Sportgel\u00e4nde.<\/p>\n<\/div><\/div>\n\n\n\n<div style=\"height:20px\" aria-hidden=\"true\" class=\"wp-block-spacer\"><\/div>\n\n\n\n<div class=\"wp-block-media-text alignwide has-media-on-the-right is-stacked-on-mobile\" style=\"grid-template-columns:auto 60%\"><div class=\"wp-block-media-text__content\">\n<p>Heuer wird es bei uns an der <strong>Station 7<\/strong> einen DJK Triathlon mit Rad und Ball geben.<\/p>\n\n\n\n<p>Dieser <strong>Geschicklichkeitsparcour <\/strong>muss &#8222;fehlerfrei&#8220; gemeistert werden, um das L\u00f6sungswort zu ergattern.<\/p>\n<\/div><figure class=\"wp-block-media-text__media\"><a href=\"https:\/\/www.djk-erlangen.de\/verein\/wp-content\/uploads\/2022\/04\/Screenshot-2023-04-21-152356.png\"><img loading=\"lazy\" decoding=\"async\" width=\"384\" height=\"253\" src=\"https:\/\/www.djk-erlangen.de\/verein\/wp-content\/uploads\/2022\/04\/Screenshot-2023-04-21-152356.png\" alt=\"\" class=\"wp-image-3498 size-full\" srcset=\"https:\/\/www.djk-erlangen.de\/verein\/wp-content\/uploads\/2022\/04\/Screenshot-2023-04-21-152356.png 384w, https:\/\/www.djk-erlangen.de\/verein\/wp-content\/uploads\/2022\/04\/Screenshot-2023-04-21-152356-300x198.png 300w\" sizes=\"auto, (max-width: 384px) 100vw, 384px\" \/><\/a><\/figure><\/div>\n\n\n\n<div style=\"height:20px\" aria-hidden=\"true\" class=\"wp-block-spacer\"><\/div>\n\n\n\n<div class=\"wp-block-media-text alignwide is-stacked-on-mobile\" style=\"grid-template-columns:60% auto\"><figure class=\"wp-block-media-text__media\"><img decoding=\"async\" src=\"https:\/\/www.djk-erlangen.de\/verein\/wp-content\/uploads\/2022\/04\/2019-05-01-KK.jpg\" alt=\"\" class=\"wp-image-3317 size-full\"\/><\/figure><div class=\"wp-block-media-text__content\">\n<p>F\u00fcr das leibliche Wohl haben wir einen Stand mit frischem <strong>Kaffee und selbstgebackenem Kuchen <\/strong>aufgebaut, wo man gegen eine <strong>gro\u00dfz\u00fcgige Spende <\/strong>die Leckereien genie\u00dfen kann.<\/p>\n<\/div><\/div>\n\n\n\n<div style=\"height:20px\" aria-hidden=\"true\" class=\"wp-block-spacer\"><\/div>\n\n\n\n<div class=\"wp-block-media-text alignwide has-media-on-the-right is-stacked-on-mobile\" style=\"grid-template-columns:auto 60%\"><div class=\"wp-block-media-text__content\">\n<p>Au\u00dferdem werden die Wirtsleute unserer <a href=\"https:\/\/www.djk-erlangen.de\/verein\/?page_id=1642\">DJK-Gastst\u00e4tte &#8222;Timeout&#8220;<\/a> <strong>Antonia &amp; Aki<\/strong> den Grill anheizen und ihre Spezialit\u00e4ten anbieten.<br><strong>Bei sch\u00f6nem Wetter ist die Terrasse ge\u00f6ffnet!<\/strong><\/p>\n<\/div><figure class=\"wp-block-media-text__media\"><img loading=\"lazy\" decoding=\"async\" width=\"960\" height=\"466\" src=\"https:\/\/www.djk-erlangen.de\/verein\/wp-content\/uploads\/2022\/04\/DJK-Terrasse.jpg\" alt=\"\" class=\"wp-image-3320 size-full\" srcset=\"https:\/\/www.djk-erlangen.de\/verein\/wp-content\/uploads\/2022\/04\/DJK-Terrasse.jpg 960w, https:\/\/www.djk-erlangen.de\/verein\/wp-content\/uploads\/2022\/04\/DJK-Terrasse-300x146.jpg 300w, https:\/\/www.djk-erlangen.de\/verein\/wp-content\/uploads\/2022\/04\/DJK-Terrasse-768x373.jpg 768w\" sizes=\"auto, (max-width: 960px) 100vw, 960px\" \/><\/figure><\/div>\n\n\n\n<div style=\"height:20px\" aria-hidden=\"true\" class=\"wp-block-spacer\"><\/div>\n\n\n\n<h1 class=\"has-text-align-center wp-block-heading\">Wir freuen uns auf Euch!<\/h1>\n\n\n\n<p><\/p>\n","protected":false},"excerpt":{"rendered":"<p>Am Montag, 1. Mai 2023 macht die28. Erlanger R\u00e4dli wieder Station auf unserem DJK-Sportgel\u00e4nde. Heuer wird es bei uns an der Station 7 einen DJK Triathlon mit Rad und Ball geben. Dieser Geschicklichkeitsparcour muss &#8222;fehlerfrei&#8220; gemeistert werden, um das L\u00f6sungswort &hellip; <a href=\"https:\/\/www.djk-erlangen.de\/verein\/?p=3293\">Weiterlesen <span class=\"meta-nav\">&rarr;<\/span><\/a><\/p>\n","protected":false},"author":5,"featured_media":0,"comment_status":"closed","ping_status":"open","sticky":false,"template":"","format":"standard","meta":{"jetpack_post_was_ever_published":false,"_jetpack_newsletter_access":"","_jetpack_dont_email_post_to_subs":false,"_jetpack_newsletter_tier_id":0,"_jetpack_memberships_contains_paywalled_content":false,"_jetpack_memberships_contains_paid_content":false,"footnotes":"","jetpack_publicize_message":"","jetpack_publicize_feature_enabled":true,"jetpack_social_post_already_shared":true,"jetpack_social_options":{"image_generator_settings":{"template":"highway","default_image_id":0,"font":"","enabled":false},"version":2}},"categories":[1],"tags":[],"class_list":["post-3293","post","type-post","status-publish","format-standard","hentry","category-allgemein"],"jetpack_publicize_connections":[],"jetpack_featured_media_url":"","jetpack_sharing_enabled":true,"jetpack_shortlink":"https:\/\/wp.me\/p9Syja-R7","_links":{"self":[{"href":"https:\/\/www.djk-erlangen.de\/verein\/index.php?rest_route=\/wp\/v2\/posts\/3293","targetHints":{"allow":["GET"]}}],"collection":[{"href":"https:\/\/www.djk-erlangen.de\/verein\/index.php?rest_route=\/wp\/v2\/posts"}],"about":[{"href":"https:\/\/www.djk-erlangen.de\/verein\/index.php?rest_route=\/wp\/v2\/types\/post"}],"author":[{"embeddable":true,"href":"https:\/\/www.djk-erlangen.de\/verein\/index.php?rest_route=\/wp\/v2\/users\/5"}],"replies":[{"embeddable":true,"href":"https:\/\/www.djk-erlangen.de\/verein\/index.php?rest_route=%2Fwp%2Fv2%2Fcomments&post=3293"}],"version-history":[{"count":20,"href":"https:\/\/www.djk-erlangen.de\/verein\/index.php?rest_route=\/wp\/v2\/posts\/3293\/revisions"}],"predecessor-version":[{"id":3506,"href":"https:\/\/www.djk-erlangen.de\/verein\/index.php?rest_route=\/wp\/v2\/posts\/3293\/revisions\/3506"}],"wp:attachment":[{"href":"https:\/\/www.djk-erlangen.de\/verein\/index.php?rest_route=%2Fwp%2Fv2%2Fmedia&parent=3293"}],"wp:term":[{"taxonomy":"category","embeddable":true,"href":"https:\/\/www.djk-erlangen.de\/verein\/index.php?rest_route=%2Fwp%2Fv2%2Fcategories&post=3293"},{"taxonomy":"post_tag","embeddable":true,"href":"https:\/\/www.djk-erlangen.de\/verein\/index.php?rest_route=%2Fwp%2Fv2%2Ftags&post=3293"}],"curies":[{"name":"wp","href":"https:\/\/api.w.org\/{rel}","templated":true}]}}