{"id":3259,"date":"2022-03-31T07:00:00","date_gmt":"2022-03-31T05:00:00","guid":{"rendered":"https:\/\/www.djk-erlangen.de\/verein\/?p=3259"},"modified":"2022-04-05T21:56:22","modified_gmt":"2022-04-05T19:56:22","slug":"vereinstermine-2022","status":"publish","type":"post","link":"https:\/\/www.djk-erlangen.de\/verein\/?p=3259","title":{"rendered":"Vereinstermine 2022"},"content":{"rendered":"\n<p>Liebe Freunde der DJK,<\/p>\n\n\n\n<p>nach 2 Jahren, in denen pandemiebedingt gef\u00fchlt wenig bis gar nichts ging, stehen heuer wieder einige traditionelle Ereignisse an.<\/p>\n\n\n\n<p>Nachfolgende Termine k\u00f6nnt Ihr Euch daher schon mal vormerken:<\/p>\n\n\n\n<ul class=\"wp-block-list\"><li>DJK-Station bei der Erlanger R\u00e4dli am Sonntag, 1. Mai<\/li><li>Jahreshauptversammlung am Donnerstag, 23. Juni<\/li><li>DJK-Kirchweih<ul><li>Live-Konzert am Samstag, 2. Juli<\/li><li>Kirchweihgottesdienst am Sonntag, 3. Juli<\/li><\/ul><\/li><li>Verleihung der Sportplakette des Bundespr\u00e4sidenten an die DJK Erlangen am Freitag, 8. Juli<\/li><li>erste DJK-Bundeswallfahrt nach Bamberg am Sonntag, 2. Oktober<\/li><\/ul>\n\n\n\n<p>Wir hoffen, dass viele von Euch an diesen Terminen dabei sein k\u00f6nnen! <\/p>\n\n\n\n<p><\/p>\n","protected":false},"excerpt":{"rendered":"<p>Liebe Freunde der DJK, nach 2 Jahren, in denen pandemiebedingt gef\u00fchlt wenig bis gar nichts ging, stehen heuer wieder einige traditionelle Ereignisse an. Nachfolgende Termine k\u00f6nnt Ihr Euch daher schon mal vormerken: DJK-Station bei der Erlanger R\u00e4dli am Sonntag, 1. &hellip; <a href=\"https:\/\/www.djk-erlangen.de\/verein\/?p=3259\">Weiterlesen <span class=\"meta-nav\">&rarr;<\/span><\/a><\/p>\n","protected":false},"author":12,"featured_media":0,"comment_status":"open","ping_status":"open","sticky":false,"template":"","format":"standard","meta":{"jetpack_post_was_ever_published":false,"_jetpack_newsletter_access":"","_jetpack_dont_email_post_to_subs":false,"_jetpack_newsletter_tier_id":0,"_jetpack_memberships_contains_paywalled_content":false,"_jetpack_memberships_contains_paid_content":false,"footnotes":"","jetpack_publicize_message":"","jetpack_publicize_feature_enabled":true,"jetpack_social_post_already_shared":true,"jetpack_social_options":{"image_generator_settings":{"template":"highway","default_image_id":0,"font":"","enabled":false},"version":2}},"categories":[1],"tags":[],"class_list":["post-3259","post","type-post","status-publish","format-standard","hentry","category-allgemein"],"jetpack_publicize_connections":[],"jetpack_featured_media_url":"","jetpack_sharing_enabled":true,"jetpack_shortlink":"https:\/\/wp.me\/p9Syja-Qz","_links":{"self":[{"href":"https:\/\/www.djk-erlangen.de\/verein\/index.php?rest_route=\/wp\/v2\/posts\/3259","targetHints":{"allow":["GET"]}}],"collection":[{"href":"https:\/\/www.djk-erlangen.de\/verein\/index.php?rest_route=\/wp\/v2\/posts"}],"about":[{"href":"https:\/\/www.djk-erlangen.de\/verein\/index.php?rest_route=\/wp\/v2\/types\/post"}],"author":[{"embeddable":true,"href":"https:\/\/www.djk-erlangen.de\/verein\/index.php?rest_route=\/wp\/v2\/users\/12"}],"replies":[{"embeddable":true,"href":"https:\/\/www.djk-erlangen.de\/verein\/index.php?rest_route=%2Fwp%2Fv2%2Fcomments&post=3259"}],"version-history":[{"count":2,"href":"https:\/\/www.djk-erlangen.de\/verein\/index.php?rest_route=\/wp\/v2\/posts\/3259\/revisions"}],"predecessor-version":[{"id":3273,"href":"https:\/\/www.djk-erlangen.de\/verein\/index.php?rest_route=\/wp\/v2\/posts\/3259\/revisions\/3273"}],"wp:attachment":[{"href":"https:\/\/www.djk-erlangen.de\/verein\/index.php?rest_route=%2Fwp%2Fv2%2Fmedia&parent=3259"}],"wp:term":[{"taxonomy":"category","embeddable":true,"href":"https:\/\/www.djk-erlangen.de\/verein\/index.php?rest_route=%2Fwp%2Fv2%2Fcategories&post=3259"},{"taxonomy":"post_tag","embeddable":true,"href":"https:\/\/www.djk-erlangen.de\/verein\/index.php?rest_route=%2Fwp%2Fv2%2Ftags&post=3259"}],"curies":[{"name":"wp","href":"https:\/\/api.w.org\/{rel}","templated":true}]}}