{"id":3229,"date":"2022-03-04T11:49:55","date_gmt":"2022-03-04T10:49:55","guid":{"rendered":"https:\/\/www.djk-erlangen.de\/verein\/?p=3229"},"modified":"2022-03-04T11:49:55","modified_gmt":"2022-03-04T10:49:55","slug":"die-djk-trauert-um-otmar-liepold-2","status":"publish","type":"post","link":"https:\/\/www.djk-erlangen.de\/verein\/?p=3229","title":{"rendered":"Die DJK Erlangen trauert um Jorge Christ"},"content":{"rendered":"\n<p>Am Faschingsdienstag dem 1. M\u00e4rz verstarb unser langj\u00e4hriges Mitglied Jorge Christ, wenige Wochen vor seinem 88. Geburtstag.<\/p>\n\n\n\n<p>Er war \u00fcber 40 Jahre Mitglied der Tennisabteilung und blieb seinen Tennislern auch nach Ende der aktiven Laufbahn eng verbunden. <\/p>\n\n\n\n<p>Wir werden ihn in bester Erinnerung behalten.<\/p>\n","protected":false},"excerpt":{"rendered":"<p>Am Faschingsdienstag dem 1. M\u00e4rz verstarb unser langj\u00e4hriges Mitglied Jorge Christ, wenige Wochen vor seinem 88. Geburtstag. Er war \u00fcber 40 Jahre Mitglied der Tennisabteilung und blieb seinen Tennislern auch nach Ende der aktiven Laufbahn eng verbunden. Wir werden ihn &hellip; <a href=\"https:\/\/www.djk-erlangen.de\/verein\/?p=3229\">Weiterlesen <span class=\"meta-nav\">&rarr;<\/span><\/a><\/p>\n","protected":false},"author":12,"featured_media":0,"comment_status":"closed","ping_status":"closed","sticky":false,"template":"","format":"standard","meta":{"jetpack_post_was_ever_published":false,"_jetpack_newsletter_access":"","_jetpack_dont_email_post_to_subs":false,"_jetpack_newsletter_tier_id":0,"_jetpack_memberships_contains_paywalled_content":false,"_jetpack_memberships_contains_paid_content":false,"footnotes":"","jetpack_publicize_message":"","jetpack_publicize_feature_enabled":true,"jetpack_social_post_already_shared":true,"jetpack_social_options":{"image_generator_settings":{"template":"highway","default_image_id":0,"font":"","enabled":false},"version":2}},"categories":[1],"tags":[],"class_list":["post-3229","post","type-post","status-publish","format-standard","hentry","category-allgemein"],"jetpack_publicize_connections":[],"jetpack_featured_media_url":"","jetpack_sharing_enabled":true,"jetpack_shortlink":"https:\/\/wp.me\/p9Syja-Q5","_links":{"self":[{"href":"https:\/\/www.djk-erlangen.de\/verein\/index.php?rest_route=\/wp\/v2\/posts\/3229","targetHints":{"allow":["GET"]}}],"collection":[{"href":"https:\/\/www.djk-erlangen.de\/verein\/index.php?rest_route=\/wp\/v2\/posts"}],"about":[{"href":"https:\/\/www.djk-erlangen.de\/verein\/index.php?rest_route=\/wp\/v2\/types\/post"}],"author":[{"embeddable":true,"href":"https:\/\/www.djk-erlangen.de\/verein\/index.php?rest_route=\/wp\/v2\/users\/12"}],"replies":[{"embeddable":true,"href":"https:\/\/www.djk-erlangen.de\/verein\/index.php?rest_route=%2Fwp%2Fv2%2Fcomments&post=3229"}],"version-history":[{"count":1,"href":"https:\/\/www.djk-erlangen.de\/verein\/index.php?rest_route=\/wp\/v2\/posts\/3229\/revisions"}],"predecessor-version":[{"id":3231,"href":"https:\/\/www.djk-erlangen.de\/verein\/index.php?rest_route=\/wp\/v2\/posts\/3229\/revisions\/3231"}],"wp:attachment":[{"href":"https:\/\/www.djk-erlangen.de\/verein\/index.php?rest_route=%2Fwp%2Fv2%2Fmedia&parent=3229"}],"wp:term":[{"taxonomy":"category","embeddable":true,"href":"https:\/\/www.djk-erlangen.de\/verein\/index.php?rest_route=%2Fwp%2Fv2%2Fcategories&post=3229"},{"taxonomy":"post_tag","embeddable":true,"href":"https:\/\/www.djk-erlangen.de\/verein\/index.php?rest_route=%2Fwp%2Fv2%2Ftags&post=3229"}],"curies":[{"name":"wp","href":"https:\/\/api.w.org\/{rel}","templated":true}]}}