{"id":3129,"date":"2021-11-19T10:00:00","date_gmt":"2021-11-19T09:00:00","guid":{"rendered":"https:\/\/www.djk-erlangen.de\/verein\/?p=3129"},"modified":"2021-11-26T19:00:06","modified_gmt":"2021-11-26T18:00:06","slug":"neue-fussballabteilungsleitung","status":"publish","type":"post","link":"https:\/\/www.djk-erlangen.de\/verein\/?p=3129","title":{"rendered":"Neue Fu\u00dfballabteilungsleitung"},"content":{"rendered":"\n<p>Wie angek\u00fcndigt fand am gestrigen Abend die Jahreshauptversammlung der Fu\u00dfballabteilung statt.<\/p>\n\n\n\n<p class=\"has-text-align-left\">Nach den sportlichen Berichten erfolgte die vorgesehene Neuwahl des Abteilungsleiters und seines Stellvertreters.<\/p>\n\n\n\n<p class=\"has-text-align-left\">Ohne Gegenstimme wurden <br><strong>Sebastian Marstaller<\/strong> zum Abteilungsleiter und <br><strong>Tobias Pfister<\/strong> zum Stellvertreter gew\u00e4hlt.<\/p>\n\n\n\n<p class=\"has-text-align-left\">Herzlichen Gl\u00fcckwunsch und viel Erfolg f\u00fcr die kommenden Aufgaben.<br>Zum Abschluss nochmals vielen Dank an den Vorg\u00e4nger Harald Wei\u00df f\u00fcr die langj\u00e4hrige gute Zusammenarbeit.<\/p>\n","protected":false},"excerpt":{"rendered":"<p>Wie angek\u00fcndigt fand am gestrigen Abend die Jahreshauptversammlung der Fu\u00dfballabteilung statt. Nach den sportlichen Berichten erfolgte die vorgesehene Neuwahl des Abteilungsleiters und seines Stellvertreters. Ohne Gegenstimme wurden Sebastian Marstaller zum Abteilungsleiter und Tobias Pfister zum Stellvertreter gew\u00e4hlt. Herzlichen Gl\u00fcckwunsch und &hellip; <a href=\"https:\/\/www.djk-erlangen.de\/verein\/?p=3129\">Weiterlesen <span class=\"meta-nav\">&rarr;<\/span><\/a><\/p>\n","protected":false},"author":7,"featured_media":0,"comment_status":"open","ping_status":"open","sticky":false,"template":"","format":"standard","meta":{"jetpack_post_was_ever_published":false,"_jetpack_newsletter_access":"","_jetpack_dont_email_post_to_subs":false,"_jetpack_newsletter_tier_id":0,"_jetpack_memberships_contains_paywalled_content":false,"_jetpack_memberships_contains_paid_content":false,"footnotes":"","jetpack_publicize_message":"","jetpack_publicize_feature_enabled":true,"jetpack_social_post_already_shared":true,"jetpack_social_options":{"image_generator_settings":{"template":"highway","default_image_id":0,"font":"","enabled":false},"version":2}},"categories":[1],"tags":[],"class_list":["post-3129","post","type-post","status-publish","format-standard","hentry","category-allgemein"],"jetpack_publicize_connections":[],"jetpack_featured_media_url":"","jetpack_sharing_enabled":true,"jetpack_shortlink":"https:\/\/wp.me\/p9Syja-Ot","_links":{"self":[{"href":"https:\/\/www.djk-erlangen.de\/verein\/index.php?rest_route=\/wp\/v2\/posts\/3129","targetHints":{"allow":["GET"]}}],"collection":[{"href":"https:\/\/www.djk-erlangen.de\/verein\/index.php?rest_route=\/wp\/v2\/posts"}],"about":[{"href":"https:\/\/www.djk-erlangen.de\/verein\/index.php?rest_route=\/wp\/v2\/types\/post"}],"author":[{"embeddable":true,"href":"https:\/\/www.djk-erlangen.de\/verein\/index.php?rest_route=\/wp\/v2\/users\/7"}],"replies":[{"embeddable":true,"href":"https:\/\/www.djk-erlangen.de\/verein\/index.php?rest_route=%2Fwp%2Fv2%2Fcomments&post=3129"}],"version-history":[{"count":3,"href":"https:\/\/www.djk-erlangen.de\/verein\/index.php?rest_route=\/wp\/v2\/posts\/3129\/revisions"}],"predecessor-version":[{"id":3149,"href":"https:\/\/www.djk-erlangen.de\/verein\/index.php?rest_route=\/wp\/v2\/posts\/3129\/revisions\/3149"}],"wp:attachment":[{"href":"https:\/\/www.djk-erlangen.de\/verein\/index.php?rest_route=%2Fwp%2Fv2%2Fmedia&parent=3129"}],"wp:term":[{"taxonomy":"category","embeddable":true,"href":"https:\/\/www.djk-erlangen.de\/verein\/index.php?rest_route=%2Fwp%2Fv2%2Fcategories&post=3129"},{"taxonomy":"post_tag","embeddable":true,"href":"https:\/\/www.djk-erlangen.de\/verein\/index.php?rest_route=%2Fwp%2Fv2%2Ftags&post=3129"}],"curies":[{"name":"wp","href":"https:\/\/api.w.org\/{rel}","templated":true}]}}