{"id":3080,"date":"2021-11-09T15:16:31","date_gmt":"2021-11-09T14:16:31","guid":{"rendered":"https:\/\/www.djk-erlangen.de\/verein\/?p=3080"},"modified":"2021-11-18T19:23:23","modified_gmt":"2021-11-18T18:23:23","slug":"vereinsgaststaette-wieder-geoeffnet","status":"publish","type":"post","link":"https:\/\/www.djk-erlangen.de\/verein\/?p=3080","title":{"rendered":"Vereinsgastst\u00e4tte wieder ge\u00f6ffnet!"},"content":{"rendered":"\n<p>Aki &amp; Antonia sind zur\u00fcck aus Griechenland und ab heute, <strong>9. Nov. 2021<\/strong>, wieder zu den \u00fcblichen \u00d6ffnungszeiten in unserer <a href=\"https:\/\/www.djk-erlangen.de\/verein\/?page_id=1642\">Vereinsgastst\u00e4tte &#8222;DJK Erlangen Timeout&#8220;<\/a> f\u00fcr Sie da!<\/p>\n","protected":false},"excerpt":{"rendered":"<p>Aki &amp; Antonia sind zur\u00fcck aus Griechenland und ab heute, 9. Nov. 2021, wieder zu den \u00fcblichen \u00d6ffnungszeiten in unserer Vereinsgastst\u00e4tte &#8222;DJK Erlangen Timeout&#8220; f\u00fcr Sie da!<\/p>\n","protected":false},"author":5,"featured_media":0,"comment_status":"open","ping_status":"open","sticky":false,"template":"","format":"standard","meta":{"jetpack_post_was_ever_published":false,"_jetpack_newsletter_access":"","_jetpack_dont_email_post_to_subs":false,"_jetpack_newsletter_tier_id":0,"_jetpack_memberships_contains_paywalled_content":false,"_jetpack_memberships_contains_paid_content":false,"footnotes":"","jetpack_publicize_message":"","jetpack_publicize_feature_enabled":true,"jetpack_social_post_already_shared":true,"jetpack_social_options":{"image_generator_settings":{"template":"highway","default_image_id":0,"font":"","enabled":false},"version":2}},"categories":[1,5],"tags":[],"class_list":["post-3080","post","type-post","status-publish","format-standard","hentry","category-allgemein","category-gastro"],"jetpack_publicize_connections":[],"jetpack_featured_media_url":"","jetpack_sharing_enabled":true,"jetpack_shortlink":"https:\/\/wp.me\/p9Syja-NG","_links":{"self":[{"href":"https:\/\/www.djk-erlangen.de\/verein\/index.php?rest_route=\/wp\/v2\/posts\/3080","targetHints":{"allow":["GET"]}}],"collection":[{"href":"https:\/\/www.djk-erlangen.de\/verein\/index.php?rest_route=\/wp\/v2\/posts"}],"about":[{"href":"https:\/\/www.djk-erlangen.de\/verein\/index.php?rest_route=\/wp\/v2\/types\/post"}],"author":[{"embeddable":true,"href":"https:\/\/www.djk-erlangen.de\/verein\/index.php?rest_route=\/wp\/v2\/users\/5"}],"replies":[{"embeddable":true,"href":"https:\/\/www.djk-erlangen.de\/verein\/index.php?rest_route=%2Fwp%2Fv2%2Fcomments&post=3080"}],"version-history":[{"count":2,"href":"https:\/\/www.djk-erlangen.de\/verein\/index.php?rest_route=\/wp\/v2\/posts\/3080\/revisions"}],"predecessor-version":[{"id":3110,"href":"https:\/\/www.djk-erlangen.de\/verein\/index.php?rest_route=\/wp\/v2\/posts\/3080\/revisions\/3110"}],"wp:attachment":[{"href":"https:\/\/www.djk-erlangen.de\/verein\/index.php?rest_route=%2Fwp%2Fv2%2Fmedia&parent=3080"}],"wp:term":[{"taxonomy":"category","embeddable":true,"href":"https:\/\/www.djk-erlangen.de\/verein\/index.php?rest_route=%2Fwp%2Fv2%2Fcategories&post=3080"},{"taxonomy":"post_tag","embeddable":true,"href":"https:\/\/www.djk-erlangen.de\/verein\/index.php?rest_route=%2Fwp%2Fv2%2Ftags&post=3080"}],"curies":[{"name":"wp","href":"https:\/\/api.w.org\/{rel}","templated":true}]}}