{"id":2927,"date":"2021-03-09T19:27:51","date_gmt":"2021-03-09T18:27:51","guid":{"rendered":"https:\/\/www.djk-erlangen.de\/verein\/?p=2927"},"modified":"2021-03-15T14:42:51","modified_gmt":"2021-03-15T13:42:51","slug":"die-djk-erlangen-trauert-um-roland-roedel","status":"publish","type":"post","link":"https:\/\/www.djk-erlangen.de\/verein\/?p=2927","title":{"rendered":"Die DJK Erlangen trauert um Roland R\u00f6del"},"content":{"rendered":"\n<p>Mit gro\u00dfer Best\u00fcrzung und Trauer haben wir vom pl\u00f6tzlichen Tod unseres Vereinsmitglieds Roland R\u00f6del, der am Wochenende im Alter von 50 Jahren verstorben ist, erfahren.<\/p>\n\n\n\n<p>Roland war \u00fcber 35 Jahre Mitglied der DJK Erlangen. Viele Jahre stand er im Fu\u00dfballtor, nach seiner aktiven Karriere vertrat er die Farben der DJK als Schiedsrichter.<\/p>\n\n\n\n<p>Roland pr\u00e4gte au\u00dferdem als ehrenamtlicher Gesch\u00e4ftsf\u00fchrer die aktuelle Satzung und half in dieser Zeit entscheidend bei der Strukturierung des Vereins.<\/p>\n\n\n\n<p>Auch nachdem er dieses Amt aufgab, setzte er viele positive Impulse, indem er immer wieder aktiv Hand anlegte, sei es beim B\u00e4umeschneiden oder anderen Arbeiten. Unter anderem besorgte und installierte er auch eine Schlie\u00dfanlage und den neuen Schaukasten.<\/p>\n\n\n\n<p>Roland war immer einer, der etwas unternahm, der seine Tatkraft f\u00fcr andere und eben auch f\u00fcr die DJK einsetzte.<\/p>\n\n\n\n<p>Sein pl\u00f6tzlicher Tod rei\u00dft eine gro\u00dfe L\u00fccke in die Gemeinschaft der DJK. <br>Mit ihm fehlt nicht nur ein Macher, sondern auch ein Freund.<\/p>\n\n\n\n<p>Die DJK Erlangen wird Roland R\u00f6del ein ehrendes Andenken bewahren.<\/p>\n","protected":false},"excerpt":{"rendered":"<p>Mit gro\u00dfer Best\u00fcrzung und Trauer haben wir vom pl\u00f6tzlichen Tod unseres Vereinsmitglieds Roland R\u00f6del, der am Wochenende im Alter von 50 Jahren verstorben ist, erfahren. Roland war \u00fcber 35 Jahre Mitglied der DJK Erlangen. Viele Jahre stand er im Fu\u00dfballtor, &hellip; <a href=\"https:\/\/www.djk-erlangen.de\/verein\/?p=2927\">Weiterlesen <span class=\"meta-nav\">&rarr;<\/span><\/a><\/p>\n","protected":false},"author":12,"featured_media":0,"comment_status":"open","ping_status":"open","sticky":false,"template":"","format":"standard","meta":{"jetpack_post_was_ever_published":false,"_jetpack_newsletter_access":"","_jetpack_dont_email_post_to_subs":false,"_jetpack_newsletter_tier_id":0,"_jetpack_memberships_contains_paywalled_content":false,"_jetpack_memberships_contains_paid_content":false,"footnotes":"","jetpack_publicize_message":"","jetpack_publicize_feature_enabled":true,"jetpack_social_post_already_shared":true,"jetpack_social_options":{"image_generator_settings":{"template":"highway","default_image_id":0,"font":"","enabled":false},"version":2}},"categories":[1],"tags":[],"class_list":["post-2927","post","type-post","status-publish","format-standard","hentry","category-allgemein"],"jetpack_publicize_connections":[],"jetpack_featured_media_url":"","jetpack_sharing_enabled":true,"jetpack_shortlink":"https:\/\/wp.me\/p9Syja-Ld","_links":{"self":[{"href":"https:\/\/www.djk-erlangen.de\/verein\/index.php?rest_route=\/wp\/v2\/posts\/2927","targetHints":{"allow":["GET"]}}],"collection":[{"href":"https:\/\/www.djk-erlangen.de\/verein\/index.php?rest_route=\/wp\/v2\/posts"}],"about":[{"href":"https:\/\/www.djk-erlangen.de\/verein\/index.php?rest_route=\/wp\/v2\/types\/post"}],"author":[{"embeddable":true,"href":"https:\/\/www.djk-erlangen.de\/verein\/index.php?rest_route=\/wp\/v2\/users\/12"}],"replies":[{"embeddable":true,"href":"https:\/\/www.djk-erlangen.de\/verein\/index.php?rest_route=%2Fwp%2Fv2%2Fcomments&post=2927"}],"version-history":[{"count":3,"href":"https:\/\/www.djk-erlangen.de\/verein\/index.php?rest_route=\/wp\/v2\/posts\/2927\/revisions"}],"predecessor-version":[{"id":2941,"href":"https:\/\/www.djk-erlangen.de\/verein\/index.php?rest_route=\/wp\/v2\/posts\/2927\/revisions\/2941"}],"wp:attachment":[{"href":"https:\/\/www.djk-erlangen.de\/verein\/index.php?rest_route=%2Fwp%2Fv2%2Fmedia&parent=2927"}],"wp:term":[{"taxonomy":"category","embeddable":true,"href":"https:\/\/www.djk-erlangen.de\/verein\/index.php?rest_route=%2Fwp%2Fv2%2Fcategories&post=2927"},{"taxonomy":"post_tag","embeddable":true,"href":"https:\/\/www.djk-erlangen.de\/verein\/index.php?rest_route=%2Fwp%2Fv2%2Ftags&post=2927"}],"curies":[{"name":"wp","href":"https:\/\/api.w.org\/{rel}","templated":true}]}}