{"id":2919,"date":"2020-12-24T08:23:40","date_gmt":"2020-12-24T07:23:40","guid":{"rendered":"https:\/\/www.djk-erlangen.de\/verein\/?p=2919"},"modified":"2020-12-24T08:23:40","modified_gmt":"2020-12-24T07:23:40","slug":"betreff-jugendarbeit-djk","status":"publish","type":"post","link":"https:\/\/www.djk-erlangen.de\/verein\/?p=2919","title":{"rendered":"Betreff: Jugendarbeit DJK"},"content":{"rendered":"\n<p>Autor: Olaf Derr<\/p>\n\n\n\n<p>Ein frohes Weihnachtsfest und guten Rutsch ins neue Jahr!<\/p>\n\n\n\n<p>Vielen Dank an alle Beteiligten f\u00fcr die super \u00dcberraschung so kurz vor dem Fest.<\/p>\n\n\n\n<p>Eine super Idee, super Umsetzung, \u2026 war wahrscheinlich f\u00fcr viele so \u00fcberraschend wie f\u00fcr mich!!!!<\/p>\n\n\n\n<p>War so \u00fcberrascht, das ich erst die 3 freundlichen Nikolause nicht reinlassen wollte &#x1f609;<\/p>\n\n\n\n<p>Denke das Bild (Halstuch-Geschenk) sagt alles. Mehr gibt es dazu nicht zu sagen, auch wenn nicht alles einfach ist.<\/p>\n\n\n\n<p>Aber genau das ist es und Corona wird uns erst recht anspornen.<\/p>\n\n\n\n<p>Danke an den TV48 und BSC f\u00fcr die super Zusammenarbeit 2020. Schon wieder das Wort \u201esuper\u201c, hab gerade keine Alternative &#x1f609;.<\/p>\n\n\n\n<figure class=\"wp-block-image size-large is-resized\"><img loading=\"lazy\" decoding=\"async\" src=\"https:\/\/www.djk-erlangen.de\/verein\/wp-content\/uploads\/2020\/12\/image-1024x768.png\" alt=\"\" class=\"wp-image-2920\" width=\"421\" height=\"316\" srcset=\"https:\/\/www.djk-erlangen.de\/verein\/wp-content\/uploads\/2020\/12\/image-1024x768.png 1024w, https:\/\/www.djk-erlangen.de\/verein\/wp-content\/uploads\/2020\/12\/image-300x225.png 300w, https:\/\/www.djk-erlangen.de\/verein\/wp-content\/uploads\/2020\/12\/image-768x576.png 768w, https:\/\/www.djk-erlangen.de\/verein\/wp-content\/uploads\/2020\/12\/image-1536x1152.png 1536w, https:\/\/www.djk-erlangen.de\/verein\/wp-content\/uploads\/2020\/12\/image.png 2016w\" sizes=\"auto, (max-width: 421px) 100vw, 421px\" \/><\/figure>\n","protected":false},"excerpt":{"rendered":"<p>Autor: Olaf Derr Ein frohes Weihnachtsfest und guten Rutsch ins neue Jahr! Vielen Dank an alle Beteiligten f\u00fcr die super \u00dcberraschung so kurz vor dem Fest. Eine super Idee, super Umsetzung, \u2026 war wahrscheinlich f\u00fcr viele so \u00fcberraschend wie f\u00fcr &hellip; <a href=\"https:\/\/www.djk-erlangen.de\/verein\/?p=2919\">Weiterlesen <span class=\"meta-nav\">&rarr;<\/span><\/a><\/p>\n","protected":false},"author":7,"featured_media":0,"comment_status":"open","ping_status":"open","sticky":false,"template":"","format":"standard","meta":{"jetpack_post_was_ever_published":false,"_jetpack_newsletter_access":"","_jetpack_dont_email_post_to_subs":false,"_jetpack_newsletter_tier_id":0,"_jetpack_memberships_contains_paywalled_content":false,"_jetpack_memberships_contains_paid_content":false,"footnotes":"","jetpack_publicize_message":"","jetpack_publicize_feature_enabled":true,"jetpack_social_post_already_shared":true,"jetpack_social_options":{"image_generator_settings":{"template":"highway","default_image_id":0,"font":"","enabled":false},"version":2}},"categories":[1],"tags":[],"class_list":["post-2919","post","type-post","status-publish","format-standard","hentry","category-allgemein"],"jetpack_publicize_connections":[],"jetpack_featured_media_url":"","jetpack_sharing_enabled":true,"jetpack_shortlink":"https:\/\/wp.me\/p9Syja-L5","_links":{"self":[{"href":"https:\/\/www.djk-erlangen.de\/verein\/index.php?rest_route=\/wp\/v2\/posts\/2919","targetHints":{"allow":["GET"]}}],"collection":[{"href":"https:\/\/www.djk-erlangen.de\/verein\/index.php?rest_route=\/wp\/v2\/posts"}],"about":[{"href":"https:\/\/www.djk-erlangen.de\/verein\/index.php?rest_route=\/wp\/v2\/types\/post"}],"author":[{"embeddable":true,"href":"https:\/\/www.djk-erlangen.de\/verein\/index.php?rest_route=\/wp\/v2\/users\/7"}],"replies":[{"embeddable":true,"href":"https:\/\/www.djk-erlangen.de\/verein\/index.php?rest_route=%2Fwp%2Fv2%2Fcomments&post=2919"}],"version-history":[{"count":2,"href":"https:\/\/www.djk-erlangen.de\/verein\/index.php?rest_route=\/wp\/v2\/posts\/2919\/revisions"}],"predecessor-version":[{"id":2922,"href":"https:\/\/www.djk-erlangen.de\/verein\/index.php?rest_route=\/wp\/v2\/posts\/2919\/revisions\/2922"}],"wp:attachment":[{"href":"https:\/\/www.djk-erlangen.de\/verein\/index.php?rest_route=%2Fwp%2Fv2%2Fmedia&parent=2919"}],"wp:term":[{"taxonomy":"category","embeddable":true,"href":"https:\/\/www.djk-erlangen.de\/verein\/index.php?rest_route=%2Fwp%2Fv2%2Fcategories&post=2919"},{"taxonomy":"post_tag","embeddable":true,"href":"https:\/\/www.djk-erlangen.de\/verein\/index.php?rest_route=%2Fwp%2Fv2%2Ftags&post=2919"}],"curies":[{"name":"wp","href":"https:\/\/api.w.org\/{rel}","templated":true}]}}