{"id":2915,"date":"2020-12-23T08:59:48","date_gmt":"2020-12-23T07:59:48","guid":{"rendered":"https:\/\/www.djk-erlangen.de\/verein\/?p=2915"},"modified":"2020-12-23T08:59:48","modified_gmt":"2020-12-23T07:59:48","slug":"weihnachten-2020-vielleicht-erleben-wir-dass-weniger-mehr-sein-kann","status":"publish","type":"post","link":"https:\/\/www.djk-erlangen.de\/verein\/?p=2915","title":{"rendered":"Weihnachten 2020: &#8222;Vielleicht erleben wir, dass weniger mehr sein kann&#8220;"},"content":{"rendered":"\n<p>Es war ein ganz ungew\u00f6hnliches Jahr, mit einer Menge Schatten, aber auch viel Licht. Ich habe bei mir selber gemerkt, wie der Lockdown und jetzt gerade die zweite Welle in manchen Phasen doch aufs Gem\u00fct schl\u00e4gt, obwohl ich ein Mensch bin, der gesund geblieben ist, der wirtschaftlich keine Einbu\u00dfen hinnehmen musste, der sich in vieler Hinsicht gl\u00fccklich und privilegiert sch\u00e4tzen kann. Es ist wie eine dunkle Wolke, die \u00fcber uns steht \u2013 ich merke das auch in den Gespr\u00e4chen mit Freunden. Ich freue mich auf die Zeit, in der wir alle entspannter werden, nah sein und fr\u00f6hlich feiern k\u00f6nnen.<\/p>\n\n\n\n<p>Der Spruch &#8222;In jeder Krise liegt eine Chance&#8220;&nbsp;ist etwas abgegriffen, aber es ist auch eine Menge dran. Ich glaube, dass wir den Wert von Familie und Freundschaft neu wahrgenommen haben, sowie unser Bed\u00fcrfnis nach menschlicher N\u00e4he. Hoffentlich werden wir nicht so schnell vergessen, wie wenig selbstverst\u00e4ndlich und wie kostbar das ist. Wir haben auch gelernt, dass wir f\u00fcr eine Weile auf lieb gewordene Dinge verzichten k\u00f6nnen. Wir erleben jetzt zum Beispiel eine Adventszeit ohne Weihnachtsmarktbesuche und Weihnachtsfeiern im normalen Stil. Vielleicht finden wir das sogar sch\u00f6n, dass sie etwas karger ist, so wie Advent und die Vorweihnachtszeit eigentlich sein sollte.<\/p>\n\n\n\n<p>Vielleicht lernen wir auch aus der Zeit, dass weniger mehr sein kann.<\/p>\n\n\n\n<p>Im neuen Jahr werden wir alle mit neuer Energie an neue Aufgaben gehen, neue Ziele verfolgen und ,davon bin ich \u00fcberzeugt, unsere Vision in die Tat umzusetzen. Bis dahin aber genie\u00dft die anstehenden freien Tage. Verbringt sie mit Euren Liebsten und Verwandten, Kindern und Freunden und rutsch gut ins neue Jahr.<\/p>\n\n\n\n<p>In diesem Sinne liebe Gr\u00fc\u00dfe<br>Uwe (Mitglied der Vortsandschaft)<\/p>\n\n\n\n<p style=\"font-size:9px\"><em>P.S.: Um etwaigen Plagiatsvorw\u00fcrfen vorzugreifen &#8211; Die Vorlage f\u00fcr den vorstehenden Text stammt aus einem Interview mit Jo R\u00f6melt der seit 25 Jahren evangelischer Gemeindepfarrer an der Dorper Kirche in Solingen ist.<\/em><\/p>\n\n\n\n<p><\/p>\n","protected":false},"excerpt":{"rendered":"<p>Es war ein ganz ungew\u00f6hnliches Jahr, mit einer Menge Schatten, aber auch viel Licht. Ich habe bei mir selber gemerkt, wie der Lockdown und jetzt gerade die zweite Welle in manchen Phasen doch aufs Gem\u00fct schl\u00e4gt, obwohl ich ein Mensch &hellip; <a href=\"https:\/\/www.djk-erlangen.de\/verein\/?p=2915\">Weiterlesen <span class=\"meta-nav\">&rarr;<\/span><\/a><\/p>\n","protected":false},"author":7,"featured_media":0,"comment_status":"open","ping_status":"open","sticky":false,"template":"","format":"standard","meta":{"jetpack_post_was_ever_published":false,"_jetpack_newsletter_access":"","_jetpack_dont_email_post_to_subs":false,"_jetpack_newsletter_tier_id":0,"_jetpack_memberships_contains_paywalled_content":false,"_jetpack_memberships_contains_paid_content":false,"footnotes":"","jetpack_publicize_message":"","jetpack_publicize_feature_enabled":true,"jetpack_social_post_already_shared":true,"jetpack_social_options":{"image_generator_settings":{"template":"highway","default_image_id":0,"font":"","enabled":false},"version":2}},"categories":[1],"tags":[],"class_list":["post-2915","post","type-post","status-publish","format-standard","hentry","category-allgemein"],"jetpack_publicize_connections":[],"jetpack_featured_media_url":"","jetpack_sharing_enabled":true,"jetpack_shortlink":"https:\/\/wp.me\/p9Syja-L1","_links":{"self":[{"href":"https:\/\/www.djk-erlangen.de\/verein\/index.php?rest_route=\/wp\/v2\/posts\/2915","targetHints":{"allow":["GET"]}}],"collection":[{"href":"https:\/\/www.djk-erlangen.de\/verein\/index.php?rest_route=\/wp\/v2\/posts"}],"about":[{"href":"https:\/\/www.djk-erlangen.de\/verein\/index.php?rest_route=\/wp\/v2\/types\/post"}],"author":[{"embeddable":true,"href":"https:\/\/www.djk-erlangen.de\/verein\/index.php?rest_route=\/wp\/v2\/users\/7"}],"replies":[{"embeddable":true,"href":"https:\/\/www.djk-erlangen.de\/verein\/index.php?rest_route=%2Fwp%2Fv2%2Fcomments&post=2915"}],"version-history":[{"count":3,"href":"https:\/\/www.djk-erlangen.de\/verein\/index.php?rest_route=\/wp\/v2\/posts\/2915\/revisions"}],"predecessor-version":[{"id":2918,"href":"https:\/\/www.djk-erlangen.de\/verein\/index.php?rest_route=\/wp\/v2\/posts\/2915\/revisions\/2918"}],"wp:attachment":[{"href":"https:\/\/www.djk-erlangen.de\/verein\/index.php?rest_route=%2Fwp%2Fv2%2Fmedia&parent=2915"}],"wp:term":[{"taxonomy":"category","embeddable":true,"href":"https:\/\/www.djk-erlangen.de\/verein\/index.php?rest_route=%2Fwp%2Fv2%2Fcategories&post=2915"},{"taxonomy":"post_tag","embeddable":true,"href":"https:\/\/www.djk-erlangen.de\/verein\/index.php?rest_route=%2Fwp%2Fv2%2Ftags&post=2915"}],"curies":[{"name":"wp","href":"https:\/\/api.w.org\/{rel}","templated":true}]}}