{"id":2892,"date":"2020-10-28T19:34:05","date_gmt":"2020-10-28T18:34:05","guid":{"rendered":"https:\/\/www.djk-erlangen.de\/verein\/?p=2892"},"modified":"2020-10-28T19:34:05","modified_gmt":"2020-10-28T18:34:05","slug":"lockdown-november","status":"publish","type":"post","link":"https:\/\/www.djk-erlangen.de\/verein\/?p=2892","title":{"rendered":"Lockdown November"},"content":{"rendered":"\n<p>Liebe DJK ler, ab 2.November m\u00fcssen wir leider den Sportbetrieb wieder f\u00fcr 4 Wochen einstellen.<\/p>\n\n\n\n<p>Die Sportpl\u00e4tze der DJK, die Umkleidekabinen aber auch die St\u00e4dtischen Sporthallen sind dann wieder geschlossen.<\/p>\n\n\n\n<p>Auch in Erlangen steigen die Coronazahlen weiter, so dass die beschlossenen Ma\u00dfnahmen notwendig sind um wieder Kontaktsportarten erm\u00f6glichen zu k\u00f6nnen.<\/p>\n\n\n\n<p>Im Fu\u00dfball bedeutet der Beschlu\u00df sicherlich eine vorzeitige Winterpause.<\/p>\n\n\n\n<p>Leider kann auch unsere Vereinsgastst\u00e4tte im November nicht aufmachen Sie k\u00f6nnen dort aber ab n\u00e4chster Woche wieder das gute Essen liefern lassen oder abholen.<\/p>\n\n\n\n<p>Absagen m\u00fcssen wir auch die Weihnachtsfeier des Gesamtvereins die f\u00fcr den  13.12. geplant war.<\/p>\n\n\n\n<p>Bleiben Sie alle gesund, damit wir gemeinsam Weihnachten feiern k\u00f6nnen und damit es ein gesundes neues Jahr 2021 wird-<\/p>\n\n\n\n<p>2021 das Jubil\u00e4umsjahr der DJK Erlangen &#8211; 100 Jahre DJK Erlangen, <\/p>\n\n\n\n<p>das wollen wir vom 1. bis zum 4. Juli feiern und das gesund und gemeinsam.<\/p>\n","protected":false},"excerpt":{"rendered":"<p>Liebe DJK ler, ab 2.November m\u00fcssen wir leider den Sportbetrieb wieder f\u00fcr 4 Wochen einstellen. Die Sportpl\u00e4tze der DJK, die Umkleidekabinen aber auch die St\u00e4dtischen Sporthallen sind dann wieder geschlossen. Auch in Erlangen steigen die Coronazahlen weiter, so dass die &hellip; <a href=\"https:\/\/www.djk-erlangen.de\/verein\/?p=2892\">Weiterlesen <span class=\"meta-nav\">&rarr;<\/span><\/a><\/p>\n","protected":false},"author":12,"featured_media":0,"comment_status":"open","ping_status":"open","sticky":false,"template":"","format":"standard","meta":{"jetpack_post_was_ever_published":false,"_jetpack_newsletter_access":"","_jetpack_dont_email_post_to_subs":false,"_jetpack_newsletter_tier_id":0,"_jetpack_memberships_contains_paywalled_content":false,"_jetpack_memberships_contains_paid_content":false,"footnotes":"","jetpack_publicize_message":"","jetpack_publicize_feature_enabled":true,"jetpack_social_post_already_shared":true,"jetpack_social_options":{"image_generator_settings":{"template":"highway","default_image_id":0,"font":"","enabled":false},"version":2}},"categories":[1],"tags":[],"class_list":["post-2892","post","type-post","status-publish","format-standard","hentry","category-allgemein"],"jetpack_publicize_connections":[],"jetpack_featured_media_url":"","jetpack_sharing_enabled":true,"jetpack_shortlink":"https:\/\/wp.me\/p9Syja-KE","_links":{"self":[{"href":"https:\/\/www.djk-erlangen.de\/verein\/index.php?rest_route=\/wp\/v2\/posts\/2892","targetHints":{"allow":["GET"]}}],"collection":[{"href":"https:\/\/www.djk-erlangen.de\/verein\/index.php?rest_route=\/wp\/v2\/posts"}],"about":[{"href":"https:\/\/www.djk-erlangen.de\/verein\/index.php?rest_route=\/wp\/v2\/types\/post"}],"author":[{"embeddable":true,"href":"https:\/\/www.djk-erlangen.de\/verein\/index.php?rest_route=\/wp\/v2\/users\/12"}],"replies":[{"embeddable":true,"href":"https:\/\/www.djk-erlangen.de\/verein\/index.php?rest_route=%2Fwp%2Fv2%2Fcomments&post=2892"}],"version-history":[{"count":1,"href":"https:\/\/www.djk-erlangen.de\/verein\/index.php?rest_route=\/wp\/v2\/posts\/2892\/revisions"}],"predecessor-version":[{"id":2893,"href":"https:\/\/www.djk-erlangen.de\/verein\/index.php?rest_route=\/wp\/v2\/posts\/2892\/revisions\/2893"}],"wp:attachment":[{"href":"https:\/\/www.djk-erlangen.de\/verein\/index.php?rest_route=%2Fwp%2Fv2%2Fmedia&parent=2892"}],"wp:term":[{"taxonomy":"category","embeddable":true,"href":"https:\/\/www.djk-erlangen.de\/verein\/index.php?rest_route=%2Fwp%2Fv2%2Fcategories&post=2892"},{"taxonomy":"post_tag","embeddable":true,"href":"https:\/\/www.djk-erlangen.de\/verein\/index.php?rest_route=%2Fwp%2Fv2%2Ftags&post=2892"}],"curies":[{"name":"wp","href":"https:\/\/api.w.org\/{rel}","templated":true}]}}