{"id":2820,"date":"2020-05-27T20:20:47","date_gmt":"2020-05-27T18:20:47","guid":{"rendered":"http:\/\/www.djk-erlangen.de\/verein\/?p=2820"},"modified":"2020-05-27T20:20:47","modified_gmt":"2020-05-27T18:20:47","slug":"gedenkgottesdienst-am-10-6-um-18-30","status":"publish","type":"post","link":"https:\/\/www.djk-erlangen.de\/verein\/?p=2820","title":{"rendered":"Gedenkgottesdienst am 10.6. um 18.30"},"content":{"rendered":"\n<p>Ende Februar verstarb unser Ehrenvorstand Rudi Strian und nur 3 Wochen sp\u00e4ter unser Ehrenmitglied Werner R\u00f6der. Da zur damaligen Zeit keine \u00f6ffentlichen Trauerfeiern stattfinden konnten, wollen wir uns in einem Gedenkgottesdienst von den beiden verabschieden.<\/p>\n\n\n\n<p>Termin ist Mittwoch 10.6. (der Tag vor Fronleichnam) um 18.30 Uhr<\/p>\n\n\n\n<p>Ort: die Pfarrkirche Heilig Kreuz, in der Langfeldstra\u00dfe<\/p>\n\n\n\n<p>Der Gottesdienst wird mit den derzeit geltenden Hygienevorschriften stattfinden.<\/p>\n\n\n\n<p>Den Gottesdienst wird Pater Richard halten.<\/p>\n\n\n\n<p>Die DJK Erlangen l\u00e4d ihre Mitglieder zu diesem Gedenkgottesdienst herzlich ein.<\/p>\n","protected":false},"excerpt":{"rendered":"<p>Ende Februar verstarb unser Ehrenvorstand Rudi Strian und nur 3 Wochen sp\u00e4ter unser Ehrenmitglied Werner R\u00f6der. Da zur damaligen Zeit keine \u00f6ffentlichen Trauerfeiern stattfinden konnten, wollen wir uns in einem Gedenkgottesdienst von den beiden verabschieden. Termin ist Mittwoch 10.6. (der &hellip; <a href=\"https:\/\/www.djk-erlangen.de\/verein\/?p=2820\">Weiterlesen <span class=\"meta-nav\">&rarr;<\/span><\/a><\/p>\n","protected":false},"author":12,"featured_media":0,"comment_status":"open","ping_status":"open","sticky":false,"template":"","format":"standard","meta":{"jetpack_post_was_ever_published":false,"_jetpack_newsletter_access":"","_jetpack_dont_email_post_to_subs":false,"_jetpack_newsletter_tier_id":0,"_jetpack_memberships_contains_paywalled_content":false,"_jetpack_memberships_contains_paid_content":false,"footnotes":"","jetpack_publicize_message":"","jetpack_publicize_feature_enabled":true,"jetpack_social_post_already_shared":true,"jetpack_social_options":{"image_generator_settings":{"template":"highway","default_image_id":0,"font":"","enabled":false},"version":2}},"categories":[1],"tags":[],"class_list":["post-2820","post","type-post","status-publish","format-standard","hentry","category-allgemein"],"jetpack_publicize_connections":[],"jetpack_featured_media_url":"","jetpack_sharing_enabled":true,"jetpack_shortlink":"https:\/\/wp.me\/p9Syja-Ju","_links":{"self":[{"href":"https:\/\/www.djk-erlangen.de\/verein\/index.php?rest_route=\/wp\/v2\/posts\/2820","targetHints":{"allow":["GET"]}}],"collection":[{"href":"https:\/\/www.djk-erlangen.de\/verein\/index.php?rest_route=\/wp\/v2\/posts"}],"about":[{"href":"https:\/\/www.djk-erlangen.de\/verein\/index.php?rest_route=\/wp\/v2\/types\/post"}],"author":[{"embeddable":true,"href":"https:\/\/www.djk-erlangen.de\/verein\/index.php?rest_route=\/wp\/v2\/users\/12"}],"replies":[{"embeddable":true,"href":"https:\/\/www.djk-erlangen.de\/verein\/index.php?rest_route=%2Fwp%2Fv2%2Fcomments&post=2820"}],"version-history":[{"count":2,"href":"https:\/\/www.djk-erlangen.de\/verein\/index.php?rest_route=\/wp\/v2\/posts\/2820\/revisions"}],"predecessor-version":[{"id":2822,"href":"https:\/\/www.djk-erlangen.de\/verein\/index.php?rest_route=\/wp\/v2\/posts\/2820\/revisions\/2822"}],"wp:attachment":[{"href":"https:\/\/www.djk-erlangen.de\/verein\/index.php?rest_route=%2Fwp%2Fv2%2Fmedia&parent=2820"}],"wp:term":[{"taxonomy":"category","embeddable":true,"href":"https:\/\/www.djk-erlangen.de\/verein\/index.php?rest_route=%2Fwp%2Fv2%2Fcategories&post=2820"},{"taxonomy":"post_tag","embeddable":true,"href":"https:\/\/www.djk-erlangen.de\/verein\/index.php?rest_route=%2Fwp%2Fv2%2Ftags&post=2820"}],"curies":[{"name":"wp","href":"https:\/\/api.w.org\/{rel}","templated":true}]}}