{"id":2805,"date":"2020-05-16T09:58:18","date_gmt":"2020-05-16T07:58:18","guid":{"rendered":"http:\/\/www.djk-erlangen.de\/verein\/?p=2805"},"modified":"2020-05-16T09:58:18","modified_gmt":"2020-05-16T07:58:18","slug":"100-jahre-djk-sportverband-sein-bestes-geben","status":"publish","type":"post","link":"https:\/\/www.djk-erlangen.de\/verein\/?p=2805","title":{"rendered":"100 Jahre DJK Sportverband #Sein Bestes Geben"},"content":{"rendered":"\n<p>Heute am 16. Mai sollte in W\u00fcrzburg die Festveranstaltung zum 100 &#8211; j\u00e4hrigen Bestehen des DJK Sportverbandes  stattfinden. Mehrere Tausend DJKlerInnnen und DJKler aus den \u00fcber 1.100 DJK Vereinen wollten am Ort der Verbandsgr\u00fcndung ein Fest der Begegnung feiern. <\/p>\n\n\n\n<p>Aber leider geht das mit den Begegnungen zur Zeit nicht.<\/p>\n\n\n\n<p>Auf der Seite des Bundesverbandes wurde ein Film mit Gru\u00dfworten zum Jubil\u00e4um ver\u00f6ffentlicht.<\/p>\n\n\n\n<p><a href=\"https:\/\/www.djk.de\/news\/1445-grussworte-anlaesslich-des-djk-jubilaeums-zum-100-jaehrigen-bestehen-des-djk-sportverbands-2020\">https:\/\/www.djk.de\/news\/1445-grussworte-anlaesslich-des-djk-jubilaeums-zum-100-jaehrigen-bestehen-des-djk-sportverbands-2020<\/a><\/p>\n\n\n\n<p>Dar\u00fcber hinaus wurde heute das Jubil\u00e4umsbanner 100 Jahre- 100 K\u00f6pfe ver\u00f6ffentlicht. Die meisten dieser K\u00f6pfe sind Personen die aktuell oder in der Vergangenheit auf Bundesebene aktiv waren. Aber es sind auch einige Personen abgebildet die auf Vereinsebene pr\u00e4gend waren und sind. Und als einer der wenigen Vereine sind auch wir vertreten.<\/p>\n\n\n\n<p>F\u00fcr uns ist <strong>Pr\u00e4lat Ambros Neund\u00f6rfer<\/strong> auf dem Banner verewigt. Er pr\u00e4gte als geistlicher Beirat vor und nach der Kriegszeit die DJK Erlangen. Ihm haben wir es zu verdanken dass unser Sportgel\u00e4nde uns zur\u00fcckgegeben wurde und er war die treibende Kraft bei der Wiedergr\u00fcndung und bis hin zum Bau des Vereinsheims ein wichtiger F\u00fcrsprecher der DJK Erlangen.  <\/p>\n\n\n\n<p><a href=\"http:\/\/www.djk-erlangen.de\/verein\/wp-content\/uploads\/2020\/05\/100_Jahre-100_Koepfe.pdf\">http:\/\/www.djk-erlangen.de\/verein\/wp-content\/uploads\/2020\/05\/100_Jahre-100_Koepfe.pdf<\/a><\/p>\n","protected":false},"excerpt":{"rendered":"<p>Heute am 16. Mai sollte in W\u00fcrzburg die Festveranstaltung zum 100 &#8211; j\u00e4hrigen Bestehen des DJK Sportverbandes stattfinden. Mehrere Tausend DJKlerInnnen und DJKler aus den \u00fcber 1.100 DJK Vereinen wollten am Ort der Verbandsgr\u00fcndung ein Fest der Begegnung feiern. Aber &hellip; <a href=\"https:\/\/www.djk-erlangen.de\/verein\/?p=2805\">Weiterlesen <span class=\"meta-nav\">&rarr;<\/span><\/a><\/p>\n","protected":false},"author":12,"featured_media":0,"comment_status":"open","ping_status":"open","sticky":false,"template":"","format":"standard","meta":{"jetpack_post_was_ever_published":false,"_jetpack_newsletter_access":"","_jetpack_dont_email_post_to_subs":false,"_jetpack_newsletter_tier_id":0,"_jetpack_memberships_contains_paywalled_content":false,"_jetpack_memberships_contains_paid_content":false,"footnotes":"","jetpack_publicize_message":"","jetpack_publicize_feature_enabled":true,"jetpack_social_post_already_shared":true,"jetpack_social_options":{"image_generator_settings":{"template":"highway","default_image_id":0,"font":"","enabled":false},"version":2}},"categories":[1],"tags":[],"class_list":["post-2805","post","type-post","status-publish","format-standard","hentry","category-allgemein"],"jetpack_publicize_connections":[],"jetpack_featured_media_url":"","jetpack_sharing_enabled":true,"jetpack_shortlink":"https:\/\/wp.me\/p9Syja-Jf","_links":{"self":[{"href":"https:\/\/www.djk-erlangen.de\/verein\/index.php?rest_route=\/wp\/v2\/posts\/2805","targetHints":{"allow":["GET"]}}],"collection":[{"href":"https:\/\/www.djk-erlangen.de\/verein\/index.php?rest_route=\/wp\/v2\/posts"}],"about":[{"href":"https:\/\/www.djk-erlangen.de\/verein\/index.php?rest_route=\/wp\/v2\/types\/post"}],"author":[{"embeddable":true,"href":"https:\/\/www.djk-erlangen.de\/verein\/index.php?rest_route=\/wp\/v2\/users\/12"}],"replies":[{"embeddable":true,"href":"https:\/\/www.djk-erlangen.de\/verein\/index.php?rest_route=%2Fwp%2Fv2%2Fcomments&post=2805"}],"version-history":[{"count":4,"href":"https:\/\/www.djk-erlangen.de\/verein\/index.php?rest_route=\/wp\/v2\/posts\/2805\/revisions"}],"predecessor-version":[{"id":2812,"href":"https:\/\/www.djk-erlangen.de\/verein\/index.php?rest_route=\/wp\/v2\/posts\/2805\/revisions\/2812"}],"wp:attachment":[{"href":"https:\/\/www.djk-erlangen.de\/verein\/index.php?rest_route=%2Fwp%2Fv2%2Fmedia&parent=2805"}],"wp:term":[{"taxonomy":"category","embeddable":true,"href":"https:\/\/www.djk-erlangen.de\/verein\/index.php?rest_route=%2Fwp%2Fv2%2Fcategories&post=2805"},{"taxonomy":"post_tag","embeddable":true,"href":"https:\/\/www.djk-erlangen.de\/verein\/index.php?rest_route=%2Fwp%2Fv2%2Ftags&post=2805"}],"curies":[{"name":"wp","href":"https:\/\/api.w.org\/{rel}","templated":true}]}}