{"id":2793,"date":"2020-05-26T11:11:00","date_gmt":"2020-05-26T09:11:00","guid":{"rendered":"http:\/\/www.djk-erlangen.de\/verein\/?p=2793"},"modified":"2020-05-27T20:21:26","modified_gmt":"2020-05-27T18:21:26","slug":"corono-update","status":"publish","type":"post","link":"https:\/\/www.djk-erlangen.de\/verein\/?p=2793","title":{"rendered":"Corona Update"},"content":{"rendered":"\n<p>An dieser Stelle wollen wir Sie\/Euch \u00fcber die Auswirkungen der Corona Pandemie bei der DJK Erlangen informieren. Sobald es von Beh\u00f6rden oder Verb\u00e4nden neue Infos gibt werden wir dies hier aktualisieren.<\/p>\n\n\n\n<p><strong>27.5.: <\/strong> <strong>Wiederaufnahme des Sportbetriebsab 08.06.2020  mit Einschr\u00e4nkungen<\/strong><\/p>\n\n\n\n<p><strong>Nutzung Sportplatz<\/strong><\/p>\n\n\n\n<p>Bis auf weiteres  besteht ein beh\u00f6rdliches Nutzungsverbot f\u00fcr Sportanlagen, d.h. sowohl die Sportpl\u00e4tze als auch die weiteren R\u00e4umlichkeiten der DJK (Umkleidekabinen, Gymnastikraum Jugendtreff  etc.) d\u00fcrfen nicht genutzt werden und sind deshalb gesperrt. Dieses gilt aktuell  weiter, d.h. auch bei Traingsbetrieb d\u00fcrfen diese R\u00e4ume nicht genutzt werden, da dort ausreichender Abstand nicht sichergestellt werden kann.<\/p>\n\n\n\n<p><strong>DJK Sportgastst\u00e4tte<\/strong><\/p>\n\n\n<p>\n<!--StartFragment--><\/p>\n\n\n<p>Seit Montag 18.5. ist die Terrasse der Gastst\u00e4tte wieder ge\u00f6ffnet, es gelten hier aber die Abstands- und Hygieneregeln : <\/p>\n\n\n\n<p>Jeder wird angehalten, die physischen  Kontakte zu anderen Menschen au\u00dferhalb der Angeh\u00f6rigen des eigenen Hausstands auf ein absolut n\u00f6tiges Minimum zu reduzieren. Wo immer m\u00f6glich, ist ein Mindestabstand  zwischen zwei Personen von 1,5 m einzuhalten.<\/p>\n\n\n\n<p>D.h. es wird nur ein beschr\u00e4nktes Platzangebot geben (am besten telefonisch reservieren), Mund-Nase-Masken sind mitzubringen. <\/p>\n\n\n\n<p>Dar\u00fcber hinaus bieten Antonia und Aki selbstverst\u00e4ndlich weiter Essen zum Abholen. Unter der Woche ab 16 Uhr und am Wochenende auch mittags k\u00f6nnen s\u00e4mtliche Gerichte der regul\u00e4ren Speisekarte bestellt werden. Bestellungen sind telefonisch unter 44544 oder \u00fcber Lieferando m\u00f6glich. Die Speisekarte kann \u00fcber Lieferando oder den Facebookauftritt der Gastst\u00e4tte  <a href=\"https:\/\/www.facebook.com\/DjkErlangen.TO\/\">https:\/\/www.facebook.com\/DjkErlangen.TO\/<\/a>    angeschaut werden.<\/p>\n\n\n\n<p><strong>Sportbetrieb (aktuelle Saison)<\/strong><\/p>\n\n\n\n<p><strong>Fu\u00dfball<\/strong><\/p>\n\n\n\n<p>Die Saison 2019\/2020 wurde unterbrochen. Bis mindestens 31.8.2020 findet kein Spielbetrieb. Im Erwachsenenbereich wird dann die laufende Saison zu Ende gespielt. Im Kinder- und Jugendbereich f\u00e4llt die Fr\u00fchjahrsrunde aus. <\/p>\n\n\n\n<p>Seit 13.5. ist unter Einhaltung der Hygienevorschriften ein Kleingruppentraining (d.h. vor allem Abstand, (k\u00f6rperlos) m\u00f6glich, dabei sind die Gruppen auf 5 Personen (inkl. Betreuer) begrenzt und die Gruppen d\u00fcrfen sich auch nicht vermischen. Diese Regelung gilt nur f\u00fcr Trainingsbetrieb. D.h. freies Bolzen am Platz ist weiterhin nicht erlaubt. F\u00fcr ein Training ist ein Hygienekonzept und ein Trainingsplan notwendig.<\/p>\n\n\n\n<p><strong>Ab 8.6.darf die Gruppengr\u00f6\u00dfe auf max. 20 Personen (inkl. Betreuer) erh\u00f6ht werden, es gelten weiterhin die Abstandsregeln<\/strong> (d.h. keine Zweik\u00e4mpfe und auch bei Betreten und Verlassen des Platzes Abstand halten.)<\/p>\n\n\n\n<p><strong>Handball<\/strong><\/p>\n\n\n\n<p>Die Saison wurde abgebrochen. Die Endplatzierungen werden an Hand der Quotienregelungen (Ausgleich unterschiedlicher Spielanzahl) erstellt. Es wird in den Ligen keine regul\u00e4ren Absteiger geben. Trotz letzter Pl\u00e4tze haben die Mannschaften der SG damit die Bezirksliga erhalten Voraussichtliche Wiederaufnahme zur neuen Saison.<\/p>\n\n\n\n<p> Ab wann wieder Trainingsbetrieb m\u00f6glich ist ist noch offen.  F\u00fcr Training im Freie gelten die gleichen Regelungen wie Fu\u00dfball<\/p>\n\n\n\n<p><strong>Tennis<\/strong><\/p>\n\n\n\n<p>Die Winterhallenrunde wurde abgebrochen. Geplanter Start ist nach den Pfingstferien (ab 15.6.).<\/p>\n\n\n\n<p>Der allgemeine Spielbetrieb (Freizeittennis) ist <strong>ab Montag 11.Mail<\/strong> wieder m\u00f6glich. Umkleidekabinen und Duschen m\u00fcssen geschlossen bleiben. D.H. bitte die Tenniskleidung schon daheim anziehen.<\/p>\n\n\n\n<p>Auf und neben dem Tennisplatz gelten die aktuellen Hygieneregeln (Abstand halten, kein H\u00e4ndesch\u00fctteln und desinfinzieren). Auch der Trainingsbetrieb wird zeitnah aufgenommen werden. Die Wirtschaftsterrasse ist noch bis 17. Mai geschlossen.<\/p>\n\n\n\n<p><strong>Gymnastikkurse<\/strong><\/p>\n\n\n\n<p>Die Kurse der VHS f\u00fcr das Sommersemester sind abgesagt. Angebote im Gymastikraum sind noch nicht erlaubt.<\/p>\n\n\n\n<p><strong>Vereinsveranstaltungen<\/strong><\/p>\n\n\n\n<p>Die <strong>R\u00e4dli <\/strong>2020 entf\u00e4llt, daher auch keine Station bei der DJK.<\/p>\n\n\n\n<p><strong>Jahreshauptversammlung<\/strong><\/p>\n\n\n\n<p>Auch wenn die aktuelle Gesetzeslage online-Versammlungen erlaubt, wollen wir die Jahreshauptversammlung des Gesamtvereins vor-Ort stattfinden lassen. Laut Satzung betr\u00e4gt die Ladefrist 30 Tage, so dass nach Vorliegen der M\u00f6glichkeiten f\u00fcr eine solche Versammlung eine Versammlung fr\u00fchestens Mitte Juni stattfinden kann.<\/p>\n\n\n\n<p><strong>Abteilungsversammlungen<\/strong><\/p>\n\n\n\n<p>Die Handball- und die Fu\u00dfballversammlung wird rechtzeitig bekanntgegeben<\/p>\n\n\n\n<p><strong>DJK Kirchweih<\/strong><\/p>\n\n\n\n<p>Zum jetzigen Zeitpunkt gibt es noch keine Festlegungen was unter Gro\u00dfveranstaltungen zu verstehen ist, es ist aber davon auszugehen dass der Samstagabend mit Live-Band und Bierb\u00e4nken nicht m\u00f6glich ist.<\/p>\n\n\n\n<p>Ob der Gottesdienst am Sonntag stattfinden kann ist auch noch sehr unsicher.<\/p>\n\n\n\n<p> <\/p>\n","protected":false},"excerpt":{"rendered":"<p>An dieser Stelle wollen wir Sie\/Euch \u00fcber die Auswirkungen der Corona Pandemie bei der DJK Erlangen informieren. Sobald es von Beh\u00f6rden oder Verb\u00e4nden neue Infos gibt werden wir dies hier aktualisieren. 27.5.: Wiederaufnahme des Sportbetriebsab 08.06.2020 mit Einschr\u00e4nkungen Nutzung Sportplatz &hellip; <a href=\"https:\/\/www.djk-erlangen.de\/verein\/?p=2793\">Weiterlesen <span class=\"meta-nav\">&rarr;<\/span><\/a><\/p>\n","protected":false},"author":12,"featured_media":0,"comment_status":"open","ping_status":"open","sticky":false,"template":"","format":"standard","meta":{"jetpack_post_was_ever_published":false,"_jetpack_newsletter_access":"","_jetpack_dont_email_post_to_subs":false,"_jetpack_newsletter_tier_id":0,"_jetpack_memberships_contains_paywalled_content":false,"_jetpack_memberships_contains_paid_content":false,"footnotes":"","jetpack_publicize_message":"","jetpack_publicize_feature_enabled":true,"jetpack_social_post_already_shared":true,"jetpack_social_options":{"image_generator_settings":{"template":"highway","default_image_id":0,"font":"","enabled":false},"version":2}},"categories":[1],"tags":[],"class_list":["post-2793","post","type-post","status-publish","format-standard","hentry","category-allgemein"],"jetpack_publicize_connections":[],"jetpack_featured_media_url":"","jetpack_sharing_enabled":true,"jetpack_shortlink":"https:\/\/wp.me\/p9Syja-J3","_links":{"self":[{"href":"https:\/\/www.djk-erlangen.de\/verein\/index.php?rest_route=\/wp\/v2\/posts\/2793","targetHints":{"allow":["GET"]}}],"collection":[{"href":"https:\/\/www.djk-erlangen.de\/verein\/index.php?rest_route=\/wp\/v2\/posts"}],"about":[{"href":"https:\/\/www.djk-erlangen.de\/verein\/index.php?rest_route=\/wp\/v2\/types\/post"}],"author":[{"embeddable":true,"href":"https:\/\/www.djk-erlangen.de\/verein\/index.php?rest_route=\/wp\/v2\/users\/12"}],"replies":[{"embeddable":true,"href":"https:\/\/www.djk-erlangen.de\/verein\/index.php?rest_route=%2Fwp%2Fv2%2Fcomments&post=2793"}],"version-history":[{"count":10,"href":"https:\/\/www.djk-erlangen.de\/verein\/index.php?rest_route=\/wp\/v2\/posts\/2793\/revisions"}],"predecessor-version":[{"id":2823,"href":"https:\/\/www.djk-erlangen.de\/verein\/index.php?rest_route=\/wp\/v2\/posts\/2793\/revisions\/2823"}],"wp:attachment":[{"href":"https:\/\/www.djk-erlangen.de\/verein\/index.php?rest_route=%2Fwp%2Fv2%2Fmedia&parent=2793"}],"wp:term":[{"taxonomy":"category","embeddable":true,"href":"https:\/\/www.djk-erlangen.de\/verein\/index.php?rest_route=%2Fwp%2Fv2%2Fcategories&post=2793"},{"taxonomy":"post_tag","embeddable":true,"href":"https:\/\/www.djk-erlangen.de\/verein\/index.php?rest_route=%2Fwp%2Fv2%2Ftags&post=2793"}],"curies":[{"name":"wp","href":"https:\/\/api.w.org\/{rel}","templated":true}]}}