{"id":2788,"date":"2020-03-22T20:00:05","date_gmt":"2020-03-22T19:00:05","guid":{"rendered":"http:\/\/www.djk-erlangen.de\/verein\/?p=2788"},"modified":"2020-08-01T08:11:40","modified_gmt":"2020-08-01T06:11:40","slug":"die-djk-erlangen-trauert-um-werner-roeder","status":"publish","type":"post","link":"https:\/\/www.djk-erlangen.de\/verein\/?p=2788","title":{"rendered":"Die DJK Erlangen trauert um Werner R\u00f6der"},"content":{"rendered":"\n<p>An diesem Wochenende verstarb mit Werner R\u00f6der, unser \u00e4ltestes Mitglied im Alter von 90 Jahren. Werner R\u00f6der war im Team des erst vor wenigen Wochen verstorben Ehrenvorsitzenden Rudi Strian \u00fcber viele Jahre als 2. Vorsitzender f\u00fcr die DJK mitverantwortlich.  In seine Amtszeit fiel die Planung und der Neubau unseres Sportheims.<\/p>\n\n\n\n<p>Nach seinem Ausscheiden aus der Vorstandschaft ernannte ihn die DJK  zum Ehrenmitglied.<\/p>\n\n\n\n<p>Werner R\u00f6der pr\u00e4gte unseren Verein \u00fcber viele Jahrzehnte, wir werden ihn vermissen und uns dankbar an ihn erinnern.    <\/p>\n","protected":false},"excerpt":{"rendered":"<p>An diesem Wochenende verstarb mit Werner R\u00f6der, unser \u00e4ltestes Mitglied im Alter von 90 Jahren. Werner R\u00f6der war im Team des erst vor wenigen Wochen verstorben Ehrenvorsitzenden Rudi Strian \u00fcber viele Jahre als 2. Vorsitzender f\u00fcr die DJK mitverantwortlich. In &hellip; <a href=\"https:\/\/www.djk-erlangen.de\/verein\/?p=2788\">Weiterlesen <span class=\"meta-nav\">&rarr;<\/span><\/a><\/p>\n","protected":false},"author":12,"featured_media":0,"comment_status":"closed","ping_status":"open","sticky":false,"template":"","format":"standard","meta":{"jetpack_post_was_ever_published":false,"_jetpack_newsletter_access":"","_jetpack_dont_email_post_to_subs":false,"_jetpack_newsletter_tier_id":0,"_jetpack_memberships_contains_paywalled_content":false,"_jetpack_memberships_contains_paid_content":false,"footnotes":"","jetpack_publicize_message":"","jetpack_publicize_feature_enabled":true,"jetpack_social_post_already_shared":true,"jetpack_social_options":{"image_generator_settings":{"template":"highway","default_image_id":0,"font":"","enabled":false},"version":2}},"categories":[1],"tags":[],"class_list":["post-2788","post","type-post","status-publish","format-standard","hentry","category-allgemein"],"jetpack_publicize_connections":[],"jetpack_featured_media_url":"","jetpack_sharing_enabled":true,"jetpack_shortlink":"https:\/\/wp.me\/p9Syja-IY","_links":{"self":[{"href":"https:\/\/www.djk-erlangen.de\/verein\/index.php?rest_route=\/wp\/v2\/posts\/2788","targetHints":{"allow":["GET"]}}],"collection":[{"href":"https:\/\/www.djk-erlangen.de\/verein\/index.php?rest_route=\/wp\/v2\/posts"}],"about":[{"href":"https:\/\/www.djk-erlangen.de\/verein\/index.php?rest_route=\/wp\/v2\/types\/post"}],"author":[{"embeddable":true,"href":"https:\/\/www.djk-erlangen.de\/verein\/index.php?rest_route=\/wp\/v2\/users\/12"}],"replies":[{"embeddable":true,"href":"https:\/\/www.djk-erlangen.de\/verein\/index.php?rest_route=%2Fwp%2Fv2%2Fcomments&post=2788"}],"version-history":[{"count":2,"href":"https:\/\/www.djk-erlangen.de\/verein\/index.php?rest_route=\/wp\/v2\/posts\/2788\/revisions"}],"predecessor-version":[{"id":2791,"href":"https:\/\/www.djk-erlangen.de\/verein\/index.php?rest_route=\/wp\/v2\/posts\/2788\/revisions\/2791"}],"wp:attachment":[{"href":"https:\/\/www.djk-erlangen.de\/verein\/index.php?rest_route=%2Fwp%2Fv2%2Fmedia&parent=2788"}],"wp:term":[{"taxonomy":"category","embeddable":true,"href":"https:\/\/www.djk-erlangen.de\/verein\/index.php?rest_route=%2Fwp%2Fv2%2Fcategories&post=2788"},{"taxonomy":"post_tag","embeddable":true,"href":"https:\/\/www.djk-erlangen.de\/verein\/index.php?rest_route=%2Fwp%2Fv2%2Ftags&post=2788"}],"curies":[{"name":"wp","href":"https:\/\/api.w.org\/{rel}","templated":true}]}}