{"id":2768,"date":"2020-03-11T09:41:56","date_gmt":"2020-03-11T08:41:56","guid":{"rendered":"http:\/\/www.djk-erlangen.de\/verein\/?p=2768"},"modified":"2020-03-11T11:35:52","modified_gmt":"2020-03-11T10:35:52","slug":"ehrenvorsitzender-rudi-strian-verstorben","status":"publish","type":"post","link":"https:\/\/www.djk-erlangen.de\/verein\/?p=2768","title":{"rendered":"Ehrenvorsitzender Rudi Strian verstorben"},"content":{"rendered":"\n<p>Am 28.2.2020 verstarb im Alter von 88 Jahren unser Ehrenvorsitzender Rudolph Strian.<\/p>\n\n\n\n<p>Rudi Strian war bereits im Jahre 1951 unter den Wiedergr\u00fcndern der DJK Erlangen. 1973 wurde er zum 1. Vorsitzenden unseres Vereins gew\u00e4hlt. In seiner insgesamt 18 j\u00e4hrigen Amtszeit pr\u00e4gte er den Verein wie kein anderer. <\/p>\n\n\n\n<p>In der ersten H\u00e4lfte seiner Amtsperiode plante er zusammen mit seinem Team den Bau und die Finanzierung unseres Sportheims. Ihm und seinen Mitstreitern ist es zu verdanken , dass wir \u00fcber eines der sch\u00f6nsten Sportheime Erlangens verf\u00fcgen.<\/p>\n\n\n\n<p>1980 konnte dass neu gebaute Heim bezogen und 1982, mit der 1. DJK-Kirchweih eingeweiht werden.<\/p>\n\n\n\n<p>In seiner Amtszeit konnte die DJK Erlangen auch viele sportliche Erfolge feiern, auch Dank der positiven Mitgliederentwicklung.<\/p>\n\n\n\n<p>Mit seinem Ausscheiden aus dem Amt ernannte ihn der Verein 1991 zu seinem Ehrenvorsitzenden. <\/p>\n\n\n\n<p>Auch wenn Rudi Strian schon l\u00e4nger nicht mehr in Erlangen wohnte, verfolgte er die Entwicklung seiner DJK mit gro\u00dfen Interesse.<\/p>\n\n\n\n<p>Mit Rudi Strian verlieren wir nicht nur eine der pr\u00e4gendsten Pers\u00f6nlichkeiten unserer fast hundert j\u00e4hrigen Vereinsgeschichte, sondern auch einen gro\u00dfen Menschen und Freund des Sports.<\/p>\n\n\n\n<p>Wer ihn pers\u00f6nlich gekannt hat verliert ein Vorbild, der gesamte Verein wird die Leistung, die er mit seinen Mitstreitern geschaffen hat, in Erinnerung behalten.<\/p>\n\n\n\n<p> <img loading=\"lazy\" decoding=\"async\" width=\"360\" height=\"480\" class=\"wp-image-2774\" style=\"width: 360px;\" src=\"http:\/\/www.djk-erlangen.de\/verein\/wp-content\/uploads\/2020\/03\/CIMG0402-scaled.jpg\" alt=\"\" srcset=\"https:\/\/www.djk-erlangen.de\/verein\/wp-content\/uploads\/2020\/03\/CIMG0402-scaled.jpg 1920w, https:\/\/www.djk-erlangen.de\/verein\/wp-content\/uploads\/2020\/03\/CIMG0402-225x300.jpg 225w, https:\/\/www.djk-erlangen.de\/verein\/wp-content\/uploads\/2020\/03\/CIMG0402-768x1024.jpg 768w, https:\/\/www.djk-erlangen.de\/verein\/wp-content\/uploads\/2020\/03\/CIMG0402-1152x1536.jpg 1152w, https:\/\/www.djk-erlangen.de\/verein\/wp-content\/uploads\/2020\/03\/CIMG0402-1536x2048.jpg 1536w\" sizes=\"auto, (max-width: 360px) 100vw, 360px\" \/><\/p>\n\n\n\n<p> <\/p>\n","protected":false},"excerpt":{"rendered":"<p>Am 28.2.2020 verstarb im Alter von 88 Jahren unser Ehrenvorsitzender Rudolph Strian. Rudi Strian war bereits im Jahre 1951 unter den Wiedergr\u00fcndern der DJK Erlangen. 1973 wurde er zum 1. Vorsitzenden unseres Vereins gew\u00e4hlt. In seiner insgesamt 18 j\u00e4hrigen Amtszeit &hellip; <a href=\"https:\/\/www.djk-erlangen.de\/verein\/?p=2768\">Weiterlesen <span class=\"meta-nav\">&rarr;<\/span><\/a><\/p>\n","protected":false},"author":12,"featured_media":0,"comment_status":"open","ping_status":"open","sticky":false,"template":"","format":"standard","meta":{"jetpack_post_was_ever_published":false,"_jetpack_newsletter_access":"","_jetpack_dont_email_post_to_subs":false,"_jetpack_newsletter_tier_id":0,"_jetpack_memberships_contains_paywalled_content":false,"_jetpack_memberships_contains_paid_content":false,"footnotes":"","jetpack_publicize_message":"","jetpack_publicize_feature_enabled":true,"jetpack_social_post_already_shared":true,"jetpack_social_options":{"image_generator_settings":{"template":"highway","default_image_id":0,"font":"","enabled":false},"version":2}},"categories":[1],"tags":[],"class_list":["post-2768","post","type-post","status-publish","format-standard","hentry","category-allgemein"],"jetpack_publicize_connections":[],"jetpack_featured_media_url":"","jetpack_sharing_enabled":true,"jetpack_shortlink":"https:\/\/wp.me\/p9Syja-IE","_links":{"self":[{"href":"https:\/\/www.djk-erlangen.de\/verein\/index.php?rest_route=\/wp\/v2\/posts\/2768","targetHints":{"allow":["GET"]}}],"collection":[{"href":"https:\/\/www.djk-erlangen.de\/verein\/index.php?rest_route=\/wp\/v2\/posts"}],"about":[{"href":"https:\/\/www.djk-erlangen.de\/verein\/index.php?rest_route=\/wp\/v2\/types\/post"}],"author":[{"embeddable":true,"href":"https:\/\/www.djk-erlangen.de\/verein\/index.php?rest_route=\/wp\/v2\/users\/12"}],"replies":[{"embeddable":true,"href":"https:\/\/www.djk-erlangen.de\/verein\/index.php?rest_route=%2Fwp%2Fv2%2Fcomments&post=2768"}],"version-history":[{"count":4,"href":"https:\/\/www.djk-erlangen.de\/verein\/index.php?rest_route=\/wp\/v2\/posts\/2768\/revisions"}],"predecessor-version":[{"id":2777,"href":"https:\/\/www.djk-erlangen.de\/verein\/index.php?rest_route=\/wp\/v2\/posts\/2768\/revisions\/2777"}],"wp:attachment":[{"href":"https:\/\/www.djk-erlangen.de\/verein\/index.php?rest_route=%2Fwp%2Fv2%2Fmedia&parent=2768"}],"wp:term":[{"taxonomy":"category","embeddable":true,"href":"https:\/\/www.djk-erlangen.de\/verein\/index.php?rest_route=%2Fwp%2Fv2%2Fcategories&post=2768"},{"taxonomy":"post_tag","embeddable":true,"href":"https:\/\/www.djk-erlangen.de\/verein\/index.php?rest_route=%2Fwp%2Fv2%2Ftags&post=2768"}],"curies":[{"name":"wp","href":"https:\/\/api.w.org\/{rel}","templated":true}]}}