{"id":2695,"date":"2019-11-10T17:10:20","date_gmt":"2019-11-10T16:10:20","guid":{"rendered":"http:\/\/www.djk-erlangen.de\/verein\/?p=2695"},"modified":"2019-11-12T15:08:58","modified_gmt":"2019-11-12T14:08:58","slug":"fairplay-wird-belohnt-c-jugend-der-djk-erlangen-ist-sieger-der-bfv-fairplay-wertung","status":"publish","type":"post","link":"https:\/\/www.djk-erlangen.de\/verein\/?p=2695","title":{"rendered":"Fairplay wird belohnt: C-Jugend der DJK Erlangen ist Sieger der BFV-Fairplay-Wertung"},"content":{"rendered":"\n<p><\/p>\n\n\n\n<p><\/p>\n\n\n\n<p>Allj\u00e4hrlich zeichnet der Bayerische Fu\u00dfballverband &#8211; unterst\u00fctzt durch die AOK Bayern &#8211; die fairsten Mannschaften von der C-Jugend bis zur A-Jugend aus.<\/p>\n\n\n\n<p>In der Spielzeit 2018\/2019 war die fairste C-Jugend in Mittelfranken die <strong>C-Jugend der DJK Erlangen<\/strong>.<\/p>\n\n\n\n<p>Sie spielte eine komplette Saison ohne Strafpunkte, d.h. ohne rote und auch ohne gelbe Karten und zeichnete sich stets mit vorbildlichem Verhalten und positiver Au\u00dfendarstellung aus.<\/p>\n\n\n\n<p>Im Namen der Vorstandschaft und auch des DJK-Di\u00f6zesanverbandes Bamberg herzlichen Gl\u00fcckwunsch!<br>Ihr macht dem Motto des DJK-Verbandes als &#8222;Fairband&#8220; alle Ehre.<\/p>\n\n\n\n<p>Herzlichen Dank auch an die Trainer Olaf und Antje, die mit ihrer Vorbildfunktion die Jungs zu fairen und erfolgreichen Sportlern geformt haben.<\/p>\n\n\n\n<p>Im Rahmen einer kleinen Feier \u00fcberreichten BFV und AOK Olaf Derr und seiner Frau, die in Vertretung der verhinderten 2. Trainerin Antje Bremer teilnahm, die Siegerurkunde.<\/p>\n\n\n\n<figure class=\"wp-block-image is-resized\"><a href=\"http:\/\/www.djk-erlangen.de\/verein\/wp-content\/uploads\/2019\/11\/DSCF8522.jpg\"><img loading=\"lazy\" decoding=\"async\" src=\"http:\/\/www.djk-erlangen.de\/verein\/wp-content\/uploads\/2019\/11\/DSCF8522-1024x969.jpg\" alt=\"\" class=\"wp-image-2696\" width=\"512\" height=\"485\" srcset=\"https:\/\/www.djk-erlangen.de\/verein\/wp-content\/uploads\/2019\/11\/DSCF8522-1024x969.jpg 1024w, https:\/\/www.djk-erlangen.de\/verein\/wp-content\/uploads\/2019\/11\/DSCF8522-300x284.jpg 300w, https:\/\/www.djk-erlangen.de\/verein\/wp-content\/uploads\/2019\/11\/DSCF8522-768x727.jpg 768w\" sizes=\"auto, (max-width: 512px) 100vw, 512px\" \/><\/a><\/figure>\n\n\n\n<p>Der Preis f\u00fcr die Mannschaft ist &#8211; neben einem hochwertigen Spielball &#8211; der Besuch des Spiels 1. FCN  gegen Wehen-Wiesbaden Ende November. Bleibt nur zu hoffen, dass dieses Spiel auch fair und aus fr\u00e4nkischer Sicht erfolgreich verl\u00e4uft.<\/p>\n","protected":false},"excerpt":{"rendered":"<p>Allj\u00e4hrlich zeichnet der Bayerische Fu\u00dfballverband &#8211; unterst\u00fctzt durch die AOK Bayern &#8211; die fairsten Mannschaften von der C-Jugend bis zur A-Jugend aus. In der Spielzeit 2018\/2019 war die fairste C-Jugend in Mittelfranken die C-Jugend der DJK Erlangen. Sie spielte eine &hellip; <a href=\"https:\/\/www.djk-erlangen.de\/verein\/?p=2695\">Weiterlesen <span class=\"meta-nav\">&rarr;<\/span><\/a><\/p>\n","protected":false},"author":12,"featured_media":0,"comment_status":"open","ping_status":"open","sticky":false,"template":"","format":"standard","meta":{"jetpack_post_was_ever_published":false,"_jetpack_newsletter_access":"","_jetpack_dont_email_post_to_subs":false,"_jetpack_newsletter_tier_id":0,"_jetpack_memberships_contains_paywalled_content":false,"_jetpack_memberships_contains_paid_content":false,"footnotes":"","jetpack_publicize_message":"","jetpack_publicize_feature_enabled":true,"jetpack_social_post_already_shared":true,"jetpack_social_options":{"image_generator_settings":{"template":"highway","default_image_id":0,"font":"","enabled":false},"version":2}},"categories":[1],"tags":[],"class_list":["post-2695","post","type-post","status-publish","format-standard","hentry","category-allgemein"],"jetpack_publicize_connections":[],"jetpack_featured_media_url":"","jetpack_sharing_enabled":true,"jetpack_shortlink":"https:\/\/wp.me\/p9Syja-Ht","_links":{"self":[{"href":"https:\/\/www.djk-erlangen.de\/verein\/index.php?rest_route=\/wp\/v2\/posts\/2695","targetHints":{"allow":["GET"]}}],"collection":[{"href":"https:\/\/www.djk-erlangen.de\/verein\/index.php?rest_route=\/wp\/v2\/posts"}],"about":[{"href":"https:\/\/www.djk-erlangen.de\/verein\/index.php?rest_route=\/wp\/v2\/types\/post"}],"author":[{"embeddable":true,"href":"https:\/\/www.djk-erlangen.de\/verein\/index.php?rest_route=\/wp\/v2\/users\/12"}],"replies":[{"embeddable":true,"href":"https:\/\/www.djk-erlangen.de\/verein\/index.php?rest_route=%2Fwp%2Fv2%2Fcomments&post=2695"}],"version-history":[{"count":8,"href":"https:\/\/www.djk-erlangen.de\/verein\/index.php?rest_route=\/wp\/v2\/posts\/2695\/revisions"}],"predecessor-version":[{"id":2706,"href":"https:\/\/www.djk-erlangen.de\/verein\/index.php?rest_route=\/wp\/v2\/posts\/2695\/revisions\/2706"}],"wp:attachment":[{"href":"https:\/\/www.djk-erlangen.de\/verein\/index.php?rest_route=%2Fwp%2Fv2%2Fmedia&parent=2695"}],"wp:term":[{"taxonomy":"category","embeddable":true,"href":"https:\/\/www.djk-erlangen.de\/verein\/index.php?rest_route=%2Fwp%2Fv2%2Fcategories&post=2695"},{"taxonomy":"post_tag","embeddable":true,"href":"https:\/\/www.djk-erlangen.de\/verein\/index.php?rest_route=%2Fwp%2Fv2%2Ftags&post=2695"}],"curies":[{"name":"wp","href":"https:\/\/api.w.org\/{rel}","templated":true}]}}