{"id":2687,"date":"2019-10-23T20:12:56","date_gmt":"2019-10-23T18:12:56","guid":{"rendered":"http:\/\/www.djk-erlangen.de\/verein\/?p=2687"},"modified":"2020-05-11T07:18:08","modified_gmt":"2020-05-11T05:18:08","slug":"am-weltspartag-fuer-die-djk-spenden","status":"publish","type":"post","link":"https:\/\/www.djk-erlangen.de\/verein\/?p=2687","title":{"rendered":"Am Weltspartag f\u00fcr die DJK spenden"},"content":{"rendered":"\n<p>Die Sparkasse Erlangen stellt in diesem Jahr f\u00fcr Projekte ihrer Kunden und der regionalen Organisationen am Weltspartag einen gr\u00f6\u00dferen Betrag zur Verf\u00fcgung, indem sie alle Spenden die am 30.10. ab 9 Uhr \u00fcber die Homepage der Sparkasse get\u00e4tigt werden verdoppelt. Und zwar jede Spende bis 100 Euro, solange bis die Sparkasse insgesamt 10.000 Euro bereitgestellt hat.<\/p>\n\n\n\n<p>Die DJK Erlangen hat aktuell auch zwei Projekte eingestellt,<\/p>\n\n\n\n<p>zum einen der Umbau des Besprechungsraums zu einem Gymnastikraum, welcher zwar schon durchgef\u00fchrt aber noch nicht komplett finanziert ist.<\/p>\n\n\n\n<p>Und zus\u00e4tzlich die Anschaffung eines Defibrillators, da gerade im Falle eines Herzstillstandes erste Hilfe entscheidend ist und bei uns auf Gruind der Lage im Regnitzgrund der Anfahrtsweg f\u00fcr den Rettungsdienst etwas weiter ist.<\/p>\n\n\n\n<p>\u00fcber diesen Link k\u00f6nnen Sie ihre Spende veranlassen  <a href=\"https:\/\/sparkasse-erlangen.engagementportal.de\/projects\/69708\" target=\"_blank\" rel=\"noreferrer noopener\" aria-label=\"https:\/\/sparkasse-erlangen.engagementportal.de\/projects\/69708  (opens in a new tab)\">https:\/\/sparkasse-erlangen.engagementportal.de\/projects\/69708 <\/a><\/p>\n\n\n\n<p>F\u00fcr Ihre Spende erhalten Sie zu Beginn des n\u00e4chsten Jahres \u00fcber die Organisation betterplace.org dann wie gewohnt eine Spendenquittung. <\/p>\n\n\n\n<p>Wir danken schon jetzt f\u00fcr jede Spende von Ihnen und jeder Verdopplung durch die Sparkasse<\/p>\n","protected":false},"excerpt":{"rendered":"<p>Die Sparkasse Erlangen stellt in diesem Jahr f\u00fcr Projekte ihrer Kunden und der regionalen Organisationen am Weltspartag einen gr\u00f6\u00dferen Betrag zur Verf\u00fcgung, indem sie alle Spenden die am 30.10. ab 9 Uhr \u00fcber die Homepage der Sparkasse get\u00e4tigt werden verdoppelt. &hellip; <a href=\"https:\/\/www.djk-erlangen.de\/verein\/?p=2687\">Weiterlesen <span class=\"meta-nav\">&rarr;<\/span><\/a><\/p>\n","protected":false},"author":12,"featured_media":0,"comment_status":"closed","ping_status":"open","sticky":false,"template":"","format":"standard","meta":{"jetpack_post_was_ever_published":false,"_jetpack_newsletter_access":"","_jetpack_dont_email_post_to_subs":false,"_jetpack_newsletter_tier_id":0,"_jetpack_memberships_contains_paywalled_content":false,"_jetpack_memberships_contains_paid_content":false,"footnotes":"","jetpack_publicize_message":"","jetpack_publicize_feature_enabled":true,"jetpack_social_post_already_shared":true,"jetpack_social_options":{"image_generator_settings":{"template":"highway","default_image_id":0,"font":"","enabled":false},"version":2}},"categories":[1],"tags":[],"class_list":["post-2687","post","type-post","status-publish","format-standard","hentry","category-allgemein"],"jetpack_publicize_connections":[],"jetpack_featured_media_url":"","jetpack_sharing_enabled":true,"jetpack_shortlink":"https:\/\/wp.me\/p9Syja-Hl","_links":{"self":[{"href":"https:\/\/www.djk-erlangen.de\/verein\/index.php?rest_route=\/wp\/v2\/posts\/2687","targetHints":{"allow":["GET"]}}],"collection":[{"href":"https:\/\/www.djk-erlangen.de\/verein\/index.php?rest_route=\/wp\/v2\/posts"}],"about":[{"href":"https:\/\/www.djk-erlangen.de\/verein\/index.php?rest_route=\/wp\/v2\/types\/post"}],"author":[{"embeddable":true,"href":"https:\/\/www.djk-erlangen.de\/verein\/index.php?rest_route=\/wp\/v2\/users\/12"}],"replies":[{"embeddable":true,"href":"https:\/\/www.djk-erlangen.de\/verein\/index.php?rest_route=%2Fwp%2Fv2%2Fcomments&post=2687"}],"version-history":[{"count":5,"href":"https:\/\/www.djk-erlangen.de\/verein\/index.php?rest_route=\/wp\/v2\/posts\/2687\/revisions"}],"predecessor-version":[{"id":2693,"href":"https:\/\/www.djk-erlangen.de\/verein\/index.php?rest_route=\/wp\/v2\/posts\/2687\/revisions\/2693"}],"wp:attachment":[{"href":"https:\/\/www.djk-erlangen.de\/verein\/index.php?rest_route=%2Fwp%2Fv2%2Fmedia&parent=2687"}],"wp:term":[{"taxonomy":"category","embeddable":true,"href":"https:\/\/www.djk-erlangen.de\/verein\/index.php?rest_route=%2Fwp%2Fv2%2Fcategories&post=2687"},{"taxonomy":"post_tag","embeddable":true,"href":"https:\/\/www.djk-erlangen.de\/verein\/index.php?rest_route=%2Fwp%2Fv2%2Ftags&post=2687"}],"curies":[{"name":"wp","href":"https:\/\/api.w.org\/{rel}","templated":true}]}}