{"id":2682,"date":"2019-10-02T17:37:11","date_gmt":"2019-10-02T15:37:11","guid":{"rendered":"http:\/\/www.djk-erlangen.de\/verein\/?p=2682"},"modified":"2019-10-02T17:38:02","modified_gmt":"2019-10-02T15:38:02","slug":"die-djk-erlangen-trauert-um-horst-adam","status":"publish","type":"post","link":"https:\/\/www.djk-erlangen.de\/verein\/?p=2682","title":{"rendered":"Die DJK Erlangen trauert um Horst Adam"},"content":{"rendered":"\n<p>Am 30. September verstarb im Alter von 79 Jahren unser langj\u00e4hriges Mitglied Horst Adam. Er trat 1978 in unsere Tennisabteilung ein und war so lange es die Gesundheit zulie\u00df eine tragende S\u00e4ule in unseren Tennismannschaften.<\/p>\n\n\n\n<p>Die DJK Erlangen und insbesondere seine Tennisfreunde werden sich seiner noch lange voll dankbarer Freude erinnern.<\/p>\n","protected":false},"excerpt":{"rendered":"<p>Am 30. September verstarb im Alter von 79 Jahren unser langj\u00e4hriges Mitglied Horst Adam. Er trat 1978 in unsere Tennisabteilung ein und war so lange es die Gesundheit zulie\u00df eine tragende S\u00e4ule in unseren Tennismannschaften. Die DJK Erlangen und insbesondere &hellip; <a href=\"https:\/\/www.djk-erlangen.de\/verein\/?p=2682\">Weiterlesen <span class=\"meta-nav\">&rarr;<\/span><\/a><\/p>\n","protected":false},"author":12,"featured_media":0,"comment_status":"open","ping_status":"open","sticky":false,"template":"","format":"standard","meta":{"jetpack_post_was_ever_published":false,"_jetpack_newsletter_access":"","_jetpack_dont_email_post_to_subs":false,"_jetpack_newsletter_tier_id":0,"_jetpack_memberships_contains_paywalled_content":false,"_jetpack_memberships_contains_paid_content":false,"footnotes":"","jetpack_publicize_message":"","jetpack_publicize_feature_enabled":true,"jetpack_social_post_already_shared":true,"jetpack_social_options":{"image_generator_settings":{"template":"highway","default_image_id":0,"font":"","enabled":false},"version":2}},"categories":[1],"tags":[],"class_list":["post-2682","post","type-post","status-publish","format-standard","hentry","category-allgemein"],"jetpack_publicize_connections":[],"jetpack_featured_media_url":"","jetpack_sharing_enabled":true,"jetpack_shortlink":"https:\/\/wp.me\/p9Syja-Hg","_links":{"self":[{"href":"https:\/\/www.djk-erlangen.de\/verein\/index.php?rest_route=\/wp\/v2\/posts\/2682","targetHints":{"allow":["GET"]}}],"collection":[{"href":"https:\/\/www.djk-erlangen.de\/verein\/index.php?rest_route=\/wp\/v2\/posts"}],"about":[{"href":"https:\/\/www.djk-erlangen.de\/verein\/index.php?rest_route=\/wp\/v2\/types\/post"}],"author":[{"embeddable":true,"href":"https:\/\/www.djk-erlangen.de\/verein\/index.php?rest_route=\/wp\/v2\/users\/12"}],"replies":[{"embeddable":true,"href":"https:\/\/www.djk-erlangen.de\/verein\/index.php?rest_route=%2Fwp%2Fv2%2Fcomments&post=2682"}],"version-history":[{"count":2,"href":"https:\/\/www.djk-erlangen.de\/verein\/index.php?rest_route=\/wp\/v2\/posts\/2682\/revisions"}],"predecessor-version":[{"id":2684,"href":"https:\/\/www.djk-erlangen.de\/verein\/index.php?rest_route=\/wp\/v2\/posts\/2682\/revisions\/2684"}],"wp:attachment":[{"href":"https:\/\/www.djk-erlangen.de\/verein\/index.php?rest_route=%2Fwp%2Fv2%2Fmedia&parent=2682"}],"wp:term":[{"taxonomy":"category","embeddable":true,"href":"https:\/\/www.djk-erlangen.de\/verein\/index.php?rest_route=%2Fwp%2Fv2%2Fcategories&post=2682"},{"taxonomy":"post_tag","embeddable":true,"href":"https:\/\/www.djk-erlangen.de\/verein\/index.php?rest_route=%2Fwp%2Fv2%2Ftags&post=2682"}],"curies":[{"name":"wp","href":"https:\/\/api.w.org\/{rel}","templated":true}]}}