{"id":2648,"date":"2019-07-11T18:24:42","date_gmt":"2019-07-11T16:24:42","guid":{"rendered":"http:\/\/www.djk-erlangen.de\/verein\/?p=2648"},"modified":"2020-05-10T09:44:40","modified_gmt":"2020-05-10T07:44:40","slug":"kirchweihgotttesdienst","status":"publish","type":"post","link":"https:\/\/www.djk-erlangen.de\/verein\/?p=2648","title":{"rendered":"Kirchweihgottesdienst"},"content":{"rendered":"\n<p>Nachdem wir am letzten Samstag mit unseren beiden Hausbands einen sehr sch\u00f6nen Kirchweihabend feiern durften, steht am n\u00e4chsten Wochenende Teil 2 der Kirchweih an.<\/p>\n\n\n\n<p>Dies ist traditionell &#8211; schlie\u00dflich ist die die DJK ein katholischer Sportverband &#8211; der <strong>Kirchweihgottesdienst<\/strong>, der am <strong>Sonntag 21.7.2019 um 10.30h <\/strong>wie immer mit <strong>Pater Richard Winter<\/strong> stattfindet.<br>Der Open-Air-Gottesdienst wird musikalisch begleitet von <strong>Spirit of Life<\/strong>. <\/p>\n\n\n\n<p>Anschlie\u00dfend gibt es gewohnt bestes Essen aus der K\u00fcche von Antonia und Aki.<\/p>\n","protected":false},"excerpt":{"rendered":"<p>Nachdem wir am letzten Samstag mit unseren beiden Hausbands einen sehr sch\u00f6nen Kirchweihabend feiern durften, steht am n\u00e4chsten Wochenende Teil 2 der Kirchweih an. Dies ist traditionell &#8211; schlie\u00dflich ist die die DJK ein katholischer Sportverband &#8211; der Kirchweihgottesdienst, der &hellip; <a href=\"https:\/\/www.djk-erlangen.de\/verein\/?p=2648\">Weiterlesen <span class=\"meta-nav\">&rarr;<\/span><\/a><\/p>\n","protected":false},"author":12,"featured_media":0,"comment_status":"closed","ping_status":"open","sticky":false,"template":"","format":"standard","meta":{"jetpack_post_was_ever_published":false,"_jetpack_newsletter_access":"","_jetpack_dont_email_post_to_subs":false,"_jetpack_newsletter_tier_id":0,"_jetpack_memberships_contains_paywalled_content":false,"_jetpack_memberships_contains_paid_content":false,"footnotes":"","jetpack_publicize_message":"","jetpack_publicize_feature_enabled":true,"jetpack_social_post_already_shared":true,"jetpack_social_options":{"image_generator_settings":{"template":"highway","default_image_id":0,"font":"","enabled":false},"version":2}},"categories":[1],"tags":[],"class_list":["post-2648","post","type-post","status-publish","format-standard","hentry","category-allgemein"],"jetpack_publicize_connections":[],"jetpack_featured_media_url":"","jetpack_sharing_enabled":true,"jetpack_shortlink":"https:\/\/wp.me\/p9Syja-GI","_links":{"self":[{"href":"https:\/\/www.djk-erlangen.de\/verein\/index.php?rest_route=\/wp\/v2\/posts\/2648","targetHints":{"allow":["GET"]}}],"collection":[{"href":"https:\/\/www.djk-erlangen.de\/verein\/index.php?rest_route=\/wp\/v2\/posts"}],"about":[{"href":"https:\/\/www.djk-erlangen.de\/verein\/index.php?rest_route=\/wp\/v2\/types\/post"}],"author":[{"embeddable":true,"href":"https:\/\/www.djk-erlangen.de\/verein\/index.php?rest_route=\/wp\/v2\/users\/12"}],"replies":[{"embeddable":true,"href":"https:\/\/www.djk-erlangen.de\/verein\/index.php?rest_route=%2Fwp%2Fv2%2Fcomments&post=2648"}],"version-history":[{"count":4,"href":"https:\/\/www.djk-erlangen.de\/verein\/index.php?rest_route=\/wp\/v2\/posts\/2648\/revisions"}],"predecessor-version":[{"id":2673,"href":"https:\/\/www.djk-erlangen.de\/verein\/index.php?rest_route=\/wp\/v2\/posts\/2648\/revisions\/2673"}],"wp:attachment":[{"href":"https:\/\/www.djk-erlangen.de\/verein\/index.php?rest_route=%2Fwp%2Fv2%2Fmedia&parent=2648"}],"wp:term":[{"taxonomy":"category","embeddable":true,"href":"https:\/\/www.djk-erlangen.de\/verein\/index.php?rest_route=%2Fwp%2Fv2%2Fcategories&post=2648"},{"taxonomy":"post_tag","embeddable":true,"href":"https:\/\/www.djk-erlangen.de\/verein\/index.php?rest_route=%2Fwp%2Fv2%2Ftags&post=2648"}],"curies":[{"name":"wp","href":"https:\/\/api.w.org\/{rel}","templated":true}]}}