{"id":2570,"date":"2019-06-10T18:00:25","date_gmt":"2019-06-10T16:00:25","guid":{"rendered":"http:\/\/www.djk-erlangen.de\/verein\/?p=2570"},"modified":"2019-07-11T18:25:28","modified_gmt":"2019-07-11T16:25:28","slug":"djk-kirchweih-2019-save-the-date","status":"publish","type":"post","link":"https:\/\/www.djk-erlangen.de\/verein\/?p=2570","title":{"rendered":"Let&#8217;s party &#8230; Kerwa@DJKER 2019"},"content":{"rendered":"\n<div class=\"wp-block-image\"><figure class=\"aligncenter is-resized\"><a href=\"http:\/\/www.djk-erlangen.de\/verein\/wp-content\/uploads\/2019\/06\/2019-06-03_poster-djk-kerwa-2019-bilder.pdf\" target=\"_blank\" rel=\"noreferrer noopener\"><img loading=\"lazy\" decoding=\"async\" src=\"http:\/\/www.djk-erlangen.de\/verein\/wp-content\/uploads\/2019\/06\/DJK-Kerwa-2019.png\" alt=\"\" class=\"wp-image-2579\" width=\"307\" height=\"421\" srcset=\"https:\/\/www.djk-erlangen.de\/verein\/wp-content\/uploads\/2019\/06\/DJK-Kerwa-2019.png 613w, https:\/\/www.djk-erlangen.de\/verein\/wp-content\/uploads\/2019\/06\/DJK-Kerwa-2019-219x300.png 219w\" sizes=\"auto, (max-width: 307px) 100vw, 307px\" \/><\/a><\/figure><\/div>\n\n\n\n<p>Am <strong>Samstag, 06. Juli 2019<\/strong>, steigt ab 19 Uhr die allj\u00e4hrliche <strong>Open-Air-Kerwa-Party<\/strong> auf der DJK-Terrasse mit unseren beiden Hausbands <strong>Ca\u00f1a Que Que<\/strong> und <strong>Rallashnikov<\/strong>.<br>Unser <strong>neuer Vereinswirt Aki<\/strong> mit seinem Team sorgt bei aufkommendem Hunger und Durst f\u00fcr die n\u00f6tige Grundlage.<\/p>\n\n\n\n<h4 class=\"wp-block-heading\">Also \u2026 einfach \u201e<a href=\"http:\/\/www.djk-erlangen.de\/verein\/?page_id=14\">zum DJK<\/a>\u201c  kommen \u2026 und feiern!!!<\/h4>\n\n\n\n<p style=\"background-color:#ddffdd\" class=\"has-background\"><strong><em>HINWEIS<\/em><\/strong><br>Der <strong>Kirchweihgottesdienst<\/strong> findet dieses Jahr erst 2 Wochen sp\u00e4ter<br>am <strong>Sonntag, 21. Juli 2019, um 10:30 Uhr<\/strong> statt.<\/p>\n\n\n\n<p><br><\/p>\n","protected":false},"excerpt":{"rendered":"<p>Am Samstag, 06. Juli 2019, steigt ab 19 Uhr die allj\u00e4hrliche Open-Air-Kerwa-Party auf der DJK-Terrasse mit unseren beiden Hausbands Ca\u00f1a Que Que und Rallashnikov.Unser neuer Vereinswirt Aki mit seinem Team sorgt bei aufkommendem Hunger und Durst f\u00fcr die n\u00f6tige Grundlage. &hellip; <a href=\"https:\/\/www.djk-erlangen.de\/verein\/?p=2570\">Weiterlesen <span class=\"meta-nav\">&rarr;<\/span><\/a><\/p>\n","protected":false},"author":12,"featured_media":0,"comment_status":"closed","ping_status":"open","sticky":false,"template":"","format":"standard","meta":{"jetpack_post_was_ever_published":false,"_jetpack_newsletter_access":"","_jetpack_dont_email_post_to_subs":false,"_jetpack_newsletter_tier_id":0,"_jetpack_memberships_contains_paywalled_content":false,"_jetpack_memberships_contains_paid_content":false,"footnotes":"","jetpack_publicize_message":"","jetpack_publicize_feature_enabled":true,"jetpack_social_post_already_shared":true,"jetpack_social_options":{"image_generator_settings":{"template":"highway","default_image_id":0,"font":"","enabled":false},"version":2}},"categories":[1],"tags":[],"class_list":["post-2570","post","type-post","status-publish","format-standard","hentry","category-allgemein"],"jetpack_publicize_connections":[],"jetpack_featured_media_url":"","jetpack_sharing_enabled":true,"jetpack_shortlink":"https:\/\/wp.me\/p9Syja-Fs","_links":{"self":[{"href":"https:\/\/www.djk-erlangen.de\/verein\/index.php?rest_route=\/wp\/v2\/posts\/2570","targetHints":{"allow":["GET"]}}],"collection":[{"href":"https:\/\/www.djk-erlangen.de\/verein\/index.php?rest_route=\/wp\/v2\/posts"}],"about":[{"href":"https:\/\/www.djk-erlangen.de\/verein\/index.php?rest_route=\/wp\/v2\/types\/post"}],"author":[{"embeddable":true,"href":"https:\/\/www.djk-erlangen.de\/verein\/index.php?rest_route=\/wp\/v2\/users\/12"}],"replies":[{"embeddable":true,"href":"https:\/\/www.djk-erlangen.de\/verein\/index.php?rest_route=%2Fwp%2Fv2%2Fcomments&post=2570"}],"version-history":[{"count":25,"href":"https:\/\/www.djk-erlangen.de\/verein\/index.php?rest_route=\/wp\/v2\/posts\/2570\/revisions"}],"predecessor-version":[{"id":2603,"href":"https:\/\/www.djk-erlangen.de\/verein\/index.php?rest_route=\/wp\/v2\/posts\/2570\/revisions\/2603"}],"wp:attachment":[{"href":"https:\/\/www.djk-erlangen.de\/verein\/index.php?rest_route=%2Fwp%2Fv2%2Fmedia&parent=2570"}],"wp:term":[{"taxonomy":"category","embeddable":true,"href":"https:\/\/www.djk-erlangen.de\/verein\/index.php?rest_route=%2Fwp%2Fv2%2Fcategories&post=2570"},{"taxonomy":"post_tag","embeddable":true,"href":"https:\/\/www.djk-erlangen.de\/verein\/index.php?rest_route=%2Fwp%2Fv2%2Ftags&post=2570"}],"curies":[{"name":"wp","href":"https:\/\/api.w.org\/{rel}","templated":true}]}}