{"id":2541,"date":"2019-04-18T20:00:52","date_gmt":"2019-04-18T18:00:52","guid":{"rendered":"http:\/\/www.djk-erlangen.de\/verein\/?p=2541"},"modified":"2019-04-23T15:54:08","modified_gmt":"2019-04-23T13:54:08","slug":"raedli-meets-djk","status":"publish","type":"post","link":"https:\/\/www.djk-erlangen.de\/verein\/?p=2541","title":{"rendered":"R\u00e4dli meets DJK"},"content":{"rendered":"\n<p>Auch 2019 f\u00fchrt am 1. Mai die <a href=\"http:\/\/www.raedli.de\/\"><strong>ERLANGER R\u00c4DLI<\/strong><\/a> wieder bei unserer <a href=\"http:\/\/www.djk-erlangen.de\/\"><strong>DJK ERLANGEN<\/strong><\/a> im Wiesengrund vorbei.<\/p>\n\n\n\n<p>Wir stellen die <strong>Station 3<\/strong> auf der <strong><a href=\"http:\/\/www.raedli.de\/unsere-routen\/die-blaue-route\/\">blauen Stadtwerke-Route<\/a><\/strong>.<\/p>\n\n\n\n<figure class=\"wp-block-image is-resized\"><a href=\"http:\/\/www.djk-erlangen.de\/verein\/wp-content\/uploads\/2019\/04\/DJK-R\u00e4dli-blaue-Route-2019.png\"><img loading=\"lazy\" decoding=\"async\" src=\"http:\/\/www.djk-erlangen.de\/verein\/wp-content\/uploads\/2019\/04\/DJK-R\u00e4dli-blaue-Route-2019.png\" alt=\"\" class=\"wp-image-2542\" width=\"400\" height=\"177\" srcset=\"https:\/\/www.djk-erlangen.de\/verein\/wp-content\/uploads\/2019\/04\/DJK-R\u00e4dli-blaue-Route-2019.png 1600w, https:\/\/www.djk-erlangen.de\/verein\/wp-content\/uploads\/2019\/04\/DJK-R\u00e4dli-blaue-Route-2019-300x133.png 300w, https:\/\/www.djk-erlangen.de\/verein\/wp-content\/uploads\/2019\/04\/DJK-R\u00e4dli-blaue-Route-2019-768x340.png 768w, https:\/\/www.djk-erlangen.de\/verein\/wp-content\/uploads\/2019\/04\/DJK-R\u00e4dli-blaue-Route-2019-1024x453.png 1024w\" sizes=\"auto, (max-width: 400px) 100vw, 400px\" \/><\/a><\/figure>\n\n\n\n<p>Auf unserem Sportgel\u00e4nde wird ein <strong>gro\u00dfer Bike-Parcour<\/strong> aufgebaut sein, auf dem Gro\u00df und Klein ihre\nGeschicklichkeit auf dem Fahrrad unter Beweis stellen k\u00f6nnen \u2026 und auch m\u00fcssen,\num sich das begehrte L\u00f6sungswort zu ergattern!<\/p>\n\n\n\n<p>Diejenigen Radler, die hoffentlich ein wenig mehr Zeit mitbringen, d\u00fcrfen mit der ganzen Familie bei <strong>Kaffee und selbstgebackenen Kuchen<\/strong> das sch\u00f6ne Wetter auf unserem sehr idyllisch im Regnitzgrund gelegenen DJK-Gel\u00e4nde genie\u00dfen.<br>Auch unsere Wirtsfamilie wird mit <strong>griechischen Spezialit\u00e4ten<\/strong> zum Wohlf\u00fchlen auf der Sonnenterrasse beitragen.<\/p>\n\n\n\n<h4 class=\"wp-block-heading\">Also \u2026 einfach am 1. Mai 2019 \u201ezum DJK\u201c  <strong>kommen \u2026 und bleiben<\/strong>!!!<br><br><\/h4>\n\n\n\n<figure class=\"wp-block-embed-youtube aligncenter wp-block-embed is-type-video is-provider-youtube wp-embed-aspect-16-9 wp-has-aspect-ratio\"><div class=\"wp-block-embed__wrapper\">\n<span class=\"embed-youtube\" style=\"text-align:center; display: block;\"><iframe loading=\"lazy\" class=\"youtube-player\" width=\"584\" height=\"329\" src=\"https:\/\/www.youtube.com\/embed\/k1ZpBMqiIHU?version=3&#038;rel=1&#038;showsearch=0&#038;showinfo=1&#038;iv_load_policy=1&#038;fs=1&#038;hl=de-DE&#038;autohide=2&#038;wmode=transparent\" allowfullscreen=\"true\" style=\"border:0;\" sandbox=\"allow-scripts allow-same-origin allow-popups allow-presentation allow-popups-to-escape-sandbox\"><\/iframe><\/span>\n<\/div><figcaption> <br>Tolle Eindr\u00fccke von der <strong>R\u00e4dli@DJKER 2018 <\/strong> aus der Vogelperspektive \u2026 <br><br><\/figcaption><\/figure>\n\n\n\n<p><\/p>\n","protected":false},"excerpt":{"rendered":"<p>Auch 2019 f\u00fchrt am 1. Mai die ERLANGER R\u00c4DLI wieder bei unserer DJK ERLANGEN im Wiesengrund vorbei. Wir stellen die Station 3 auf der blauen Stadtwerke-Route. Auf unserem Sportgel\u00e4nde wird ein gro\u00dfer Bike-Parcour aufgebaut sein, auf dem Gro\u00df und Klein &hellip; <a href=\"https:\/\/www.djk-erlangen.de\/verein\/?p=2541\">Weiterlesen <span class=\"meta-nav\">&rarr;<\/span><\/a><\/p>\n","protected":false},"author":5,"featured_media":0,"comment_status":"open","ping_status":"open","sticky":false,"template":"","format":"standard","meta":{"jetpack_post_was_ever_published":false,"_jetpack_newsletter_access":"","_jetpack_dont_email_post_to_subs":false,"_jetpack_newsletter_tier_id":0,"_jetpack_memberships_contains_paywalled_content":false,"_jetpack_memberships_contains_paid_content":false,"footnotes":"","jetpack_publicize_message":"","jetpack_publicize_feature_enabled":true,"jetpack_social_post_already_shared":true,"jetpack_social_options":{"image_generator_settings":{"template":"highway","default_image_id":0,"font":"","enabled":false},"version":2}},"categories":[1,5],"tags":[],"class_list":["post-2541","post","type-post","status-publish","format-standard","hentry","category-allgemein","category-gastro"],"jetpack_publicize_connections":[],"jetpack_featured_media_url":"","jetpack_sharing_enabled":true,"jetpack_shortlink":"https:\/\/wp.me\/p9Syja-EZ","_links":{"self":[{"href":"https:\/\/www.djk-erlangen.de\/verein\/index.php?rest_route=\/wp\/v2\/posts\/2541","targetHints":{"allow":["GET"]}}],"collection":[{"href":"https:\/\/www.djk-erlangen.de\/verein\/index.php?rest_route=\/wp\/v2\/posts"}],"about":[{"href":"https:\/\/www.djk-erlangen.de\/verein\/index.php?rest_route=\/wp\/v2\/types\/post"}],"author":[{"embeddable":true,"href":"https:\/\/www.djk-erlangen.de\/verein\/index.php?rest_route=\/wp\/v2\/users\/5"}],"replies":[{"embeddable":true,"href":"https:\/\/www.djk-erlangen.de\/verein\/index.php?rest_route=%2Fwp%2Fv2%2Fcomments&post=2541"}],"version-history":[{"count":12,"href":"https:\/\/www.djk-erlangen.de\/verein\/index.php?rest_route=\/wp\/v2\/posts\/2541\/revisions"}],"predecessor-version":[{"id":2556,"href":"https:\/\/www.djk-erlangen.de\/verein\/index.php?rest_route=\/wp\/v2\/posts\/2541\/revisions\/2556"}],"wp:attachment":[{"href":"https:\/\/www.djk-erlangen.de\/verein\/index.php?rest_route=%2Fwp%2Fv2%2Fmedia&parent=2541"}],"wp:term":[{"taxonomy":"category","embeddable":true,"href":"https:\/\/www.djk-erlangen.de\/verein\/index.php?rest_route=%2Fwp%2Fv2%2Fcategories&post=2541"},{"taxonomy":"post_tag","embeddable":true,"href":"https:\/\/www.djk-erlangen.de\/verein\/index.php?rest_route=%2Fwp%2Fv2%2Ftags&post=2541"}],"curies":[{"name":"wp","href":"https:\/\/api.w.org\/{rel}","templated":true}]}}