{"id":23,"date":"2009-07-14T21:43:55","date_gmt":"2009-07-14T19:43:55","guid":{"rendered":"http:\/\/www.rainerschmitt.de\/djk\/?p=23"},"modified":"2011-03-20T18:08:16","modified_gmt":"2011-03-20T17:08:16","slug":"djk-kerwa","status":"publish","type":"post","link":"https:\/\/www.djk-erlangen.de\/verein\/?p=23","title":{"rendered":"DJK Kerwa"},"content":{"rendered":"<p>Am zweiten Juli Wochenende fand die gro\u00dfe DJK-Kerwa auf dem Sportgel\u00e4nde statt.<br \/>\nAm Samstag wurde tags\u00fcber jeweils ein Kleinfeldturnier f\u00fcr Jugendmannschaften und Herrenmannschaften durchgef\u00fchrt.<\/p>\n<p>Am Abend rockte dann\u00a0<a href=\"http:\/\/www.jacksonsyndikat.de\/\"><strong>www.jacksonsyndikat.de<\/strong><\/a><strong> <\/strong>die Terrasse und es gab leckere Cocktails an der Fu\u00dfballer-Bar.<\/p>\n<table style=\"width:194px;\">\n<tr>\n<td align=\"center\" style=\"height:194px;background:url(https:\/\/picasaweb.google.com\/s\/c\/transparent_album_background.gif) no-repeat left\"><a href=\"https:\/\/picasaweb.google.com\/cunofotos\/DJK_2009_Kerwa?authkey=Gv1sRgCLi18OHD4Mqf_AE&#038;feat=embedwebsite\"><img loading=\"lazy\" decoding=\"async\" src=\"https:\/\/lh6.googleusercontent.com\/_W4U80KA3wbQ\/Slph5QQv4lE\/AAAAAAAADNU\/DMFB06eNOkg\/s160-c\/DJK_2009_Kerwa.jpg\" width=\"160\" height=\"160\" style=\"margin:1px 0 0 4px;\"><\/a><\/td>\n<\/tr>\n<tr>\n<td style=\"text-align:center;font-family:arial,sans-serif;font-size:11px\"><a href=\"https:\/\/picasaweb.google.com\/cunofotos\/DJK_2009_Kerwa?authkey=Gv1sRgCLi18OHD4Mqf_AE&#038;feat=embedwebsite\" style=\"color:#4D4D4D;font-weight:bold;text-decoration:none;\">Fotos von der DJK Kerwa 2009<\/a><\/td>\n<\/tr>\n<\/table>\n","protected":false},"excerpt":{"rendered":"<p>Am zweiten Juli Wochenende fand die gro\u00dfe DJK-Kerwa auf dem Sportgel\u00e4nde statt. Am Samstag wurde tags\u00fcber jeweils ein Kleinfeldturnier f\u00fcr Jugendmannschaften und Herrenmannschaften durchgef\u00fchrt. Am Abend rockte dann\u00a0www.jacksonsyndikat.de die Terrasse und es gab leckere Cocktails an der Fu\u00dfballer-Bar. Fotos von &hellip; <a href=\"https:\/\/www.djk-erlangen.de\/verein\/?p=23\">Weiterlesen <span class=\"meta-nav\">&rarr;<\/span><\/a><\/p>\n","protected":false},"author":5,"featured_media":0,"comment_status":"open","ping_status":"closed","sticky":false,"template":"","format":"standard","meta":{"jetpack_post_was_ever_published":false,"_jetpack_newsletter_access":"","_jetpack_dont_email_post_to_subs":false,"_jetpack_newsletter_tier_id":0,"_jetpack_memberships_contains_paywalled_content":false,"_jetpack_memberships_contains_paid_content":false,"footnotes":"","jetpack_publicize_message":"","jetpack_publicize_feature_enabled":true,"jetpack_social_post_already_shared":false,"jetpack_social_options":{"image_generator_settings":{"template":"highway","default_image_id":0,"font":"","enabled":false},"version":2}},"categories":[1],"tags":[],"class_list":["post-23","post","type-post","status-publish","format-standard","hentry","category-allgemein"],"jetpack_publicize_connections":[],"jetpack_featured_media_url":"","jetpack_sharing_enabled":true,"jetpack_shortlink":"https:\/\/wp.me\/p9Syja-n","_links":{"self":[{"href":"https:\/\/www.djk-erlangen.de\/verein\/index.php?rest_route=\/wp\/v2\/posts\/23","targetHints":{"allow":["GET"]}}],"collection":[{"href":"https:\/\/www.djk-erlangen.de\/verein\/index.php?rest_route=\/wp\/v2\/posts"}],"about":[{"href":"https:\/\/www.djk-erlangen.de\/verein\/index.php?rest_route=\/wp\/v2\/types\/post"}],"author":[{"embeddable":true,"href":"https:\/\/www.djk-erlangen.de\/verein\/index.php?rest_route=\/wp\/v2\/users\/5"}],"replies":[{"embeddable":true,"href":"https:\/\/www.djk-erlangen.de\/verein\/index.php?rest_route=%2Fwp%2Fv2%2Fcomments&post=23"}],"version-history":[{"count":3,"href":"https:\/\/www.djk-erlangen.de\/verein\/index.php?rest_route=\/wp\/v2\/posts\/23\/revisions"}],"predecessor-version":[{"id":684,"href":"https:\/\/www.djk-erlangen.de\/verein\/index.php?rest_route=\/wp\/v2\/posts\/23\/revisions\/684"}],"wp:attachment":[{"href":"https:\/\/www.djk-erlangen.de\/verein\/index.php?rest_route=%2Fwp%2Fv2%2Fmedia&parent=23"}],"wp:term":[{"taxonomy":"category","embeddable":true,"href":"https:\/\/www.djk-erlangen.de\/verein\/index.php?rest_route=%2Fwp%2Fv2%2Fcategories&post=23"},{"taxonomy":"post_tag","embeddable":true,"href":"https:\/\/www.djk-erlangen.de\/verein\/index.php?rest_route=%2Fwp%2Fv2%2Ftags&post=23"}],"curies":[{"name":"wp","href":"https:\/\/api.w.org\/{rel}","templated":true}]}}