{"id":2288,"date":"2019-02-18T11:00:31","date_gmt":"2019-02-18T10:00:31","guid":{"rendered":"http:\/\/www.djk-erlangen.de\/verein\/?p=2288"},"modified":"2019-02-23T15:32:38","modified_gmt":"2019-02-23T14:32:38","slug":"djk-gaststaette-von-27-12-bis-ende-januar-geschlossen","status":"publish","type":"post","link":"https:\/\/www.djk-erlangen.de\/verein\/?p=2288","title":{"rendered":"DJK-Vereinsgastst\u00e4tte wiederer\u00f6ffnet"},"content":{"rendered":"<p>Liebe DJK-Mitglieder, Freunde und G\u00e4ste unserer Vereinsgastst\u00e4tte,<\/p>\n<p>seit&nbsp;<strong>18. Februar&nbsp;2019 <\/strong>erwarten uns unsere neuen Gastgeber&nbsp;<strong>Aki &amp; Antonia<\/strong>&nbsp;mit ihrem Team in neuem Ambiente und mit neuem Speisen- und Getr\u00e4nkeangebot.<\/p>\n<p>N\u00e4heres <a href=\"http:\/\/www.djk-erlangen.de\/verein\/?page_id=1642\">hier<\/a>.<\/p>\n<h3>Kommt vorbei und \u00fcberzeugt Euch einfach selbst &#8230;<\/h3>\n<p><\/p>\n\n\n<p><\/p>\n","protected":false},"excerpt":{"rendered":"<p>Liebe DJK-Mitglieder, Freunde und G\u00e4ste unserer Vereinsgastst\u00e4tte, seit&nbsp;18. Februar&nbsp;2019 erwarten uns unsere neuen Gastgeber&nbsp;Aki &amp; Antonia&nbsp;mit ihrem Team in neuem Ambiente und mit neuem Speisen- und Getr\u00e4nkeangebot. N\u00e4heres hier. Kommt vorbei und \u00fcberzeugt Euch einfach selbst &#8230;<\/p>\n","protected":false},"author":5,"featured_media":0,"comment_status":"open","ping_status":"open","sticky":false,"template":"","format":"standard","meta":{"jetpack_post_was_ever_published":false,"_jetpack_newsletter_access":"","_jetpack_dont_email_post_to_subs":false,"_jetpack_newsletter_tier_id":0,"_jetpack_memberships_contains_paywalled_content":false,"_jetpack_memberships_contains_paid_content":false,"footnotes":"","jetpack_publicize_message":"","jetpack_publicize_feature_enabled":true,"jetpack_social_post_already_shared":true,"jetpack_social_options":{"image_generator_settings":{"template":"highway","default_image_id":0,"font":"","enabled":false},"version":2}},"categories":[1,5],"tags":[],"class_list":["post-2288","post","type-post","status-publish","format-standard","hentry","category-allgemein","category-gastro"],"jetpack_publicize_connections":[],"jetpack_featured_media_url":"","jetpack_sharing_enabled":true,"jetpack_shortlink":"https:\/\/wp.me\/p9Syja-AU","_links":{"self":[{"href":"https:\/\/www.djk-erlangen.de\/verein\/index.php?rest_route=\/wp\/v2\/posts\/2288","targetHints":{"allow":["GET"]}}],"collection":[{"href":"https:\/\/www.djk-erlangen.de\/verein\/index.php?rest_route=\/wp\/v2\/posts"}],"about":[{"href":"https:\/\/www.djk-erlangen.de\/verein\/index.php?rest_route=\/wp\/v2\/types\/post"}],"author":[{"embeddable":true,"href":"https:\/\/www.djk-erlangen.de\/verein\/index.php?rest_route=\/wp\/v2\/users\/5"}],"replies":[{"embeddable":true,"href":"https:\/\/www.djk-erlangen.de\/verein\/index.php?rest_route=%2Fwp%2Fv2%2Fcomments&post=2288"}],"version-history":[{"count":32,"href":"https:\/\/www.djk-erlangen.de\/verein\/index.php?rest_route=\/wp\/v2\/posts\/2288\/revisions"}],"predecessor-version":[{"id":2436,"href":"https:\/\/www.djk-erlangen.de\/verein\/index.php?rest_route=\/wp\/v2\/posts\/2288\/revisions\/2436"}],"wp:attachment":[{"href":"https:\/\/www.djk-erlangen.de\/verein\/index.php?rest_route=%2Fwp%2Fv2%2Fmedia&parent=2288"}],"wp:term":[{"taxonomy":"category","embeddable":true,"href":"https:\/\/www.djk-erlangen.de\/verein\/index.php?rest_route=%2Fwp%2Fv2%2Fcategories&post=2288"},{"taxonomy":"post_tag","embeddable":true,"href":"https:\/\/www.djk-erlangen.de\/verein\/index.php?rest_route=%2Fwp%2Fv2%2Ftags&post=2288"}],"curies":[{"name":"wp","href":"https:\/\/api.w.org\/{rel}","templated":true}]}}