{"id":2193,"date":"2018-10-05T17:22:08","date_gmt":"2018-10-05T15:22:08","guid":{"rendered":"http:\/\/www.djk-erlangen.de\/verein\/?p=2193"},"modified":"2018-10-05T17:31:59","modified_gmt":"2018-10-05T15:31:59","slug":"ausserordentlich-mitgliederversammlung-mit-neuwahlen","status":"publish","type":"post","link":"https:\/\/www.djk-erlangen.de\/verein\/?p=2193","title":{"rendered":"Au\u00dferordentlich Mitgliederversammlung mit Neuwahlen"},"content":{"rendered":"<h2><strong>Einladung zur au\u00dferordentlichen Mitgliederversammlung<\/strong><\/h2>\n<h2><strong>Freitag 12. Oktober 2018 um 19.30 Uhr im DJK-Saal<\/strong><\/h2>\n<p>&nbsp;<\/p>\n<p style=\"padding-left: 30px;\"><strong>Endg\u00fcltige Tagesordnung:<\/strong><\/p>\n<p style=\"padding-left: 30px;\"><strong> 0. Begr\u00fc\u00dfung und Totengedenken<\/strong><\/p>\n<ol>\n<li><strong>Ehrung langj\u00e4hriger Mitglieder <\/strong><\/li>\n<li><strong>Bildung eines Wahlausschusses<\/strong><\/li>\n<li><strong>Neuwahlen<\/strong><\/li>\n<li><strong>Antr\u00e4ge, Verschiedenes<\/strong><\/li>\n<\/ol>\n<p><strong>\u00a0<\/strong><strong>Auf der diesj\u00e4hrigen Jahreshauptversammlung konnte keine neue Vorstandschaft gew\u00e4hlt werden. <\/strong><\/p>\n<p><strong>Zu w\u00e4hlen sind laut Satzung ein 1. Vorsitzender, ein 2. Vorsitzender und bis zu drei weitere Vorstandsmitglieder.<\/strong><\/p>\n<p><strong>Die endg\u00fcltige Tagesordnung wird sp\u00e4testens 5 Tage vor dem Versam\u00admlungs\u00adtermin, d.h. sp\u00e4testens am 8.Oktober 2018 durch Aushang am Vereinsheim sowie auf der Homepage des Vereins (<a href=\"http:\/\/www.djk-erlangen.de\">www.djk-erlangen.de<\/a>) ver\u00f6ffentlicht.<\/strong><\/p>\n<p><strong>\u00a0<\/strong><\/p>\n","protected":false},"excerpt":{"rendered":"<p>Einladung zur au\u00dferordentlichen Mitgliederversammlung Freitag 12. Oktober 2018 um 19.30 Uhr im DJK-Saal &nbsp; Endg\u00fcltige Tagesordnung: 0. Begr\u00fc\u00dfung und Totengedenken Ehrung langj\u00e4hriger Mitglieder Bildung eines Wahlausschusses Neuwahlen Antr\u00e4ge, Verschiedenes \u00a0Auf der diesj\u00e4hrigen Jahreshauptversammlung konnte keine neue Vorstandschaft gew\u00e4hlt werden. Zu &hellip; <a href=\"https:\/\/www.djk-erlangen.de\/verein\/?p=2193\">Weiterlesen <span class=\"meta-nav\">&rarr;<\/span><\/a><\/p>\n","protected":false},"author":12,"featured_media":0,"comment_status":"closed","ping_status":"closed","sticky":false,"template":"","format":"standard","meta":{"jetpack_post_was_ever_published":false,"_jetpack_newsletter_access":"","_jetpack_dont_email_post_to_subs":false,"_jetpack_newsletter_tier_id":0,"_jetpack_memberships_contains_paywalled_content":false,"_jetpack_memberships_contains_paid_content":false,"footnotes":"","jetpack_publicize_message":"","jetpack_publicize_feature_enabled":true,"jetpack_social_post_already_shared":true,"jetpack_social_options":{"image_generator_settings":{"template":"highway","default_image_id":0,"font":"","enabled":false},"version":2}},"categories":[1],"tags":[],"class_list":["post-2193","post","type-post","status-publish","format-standard","hentry","category-allgemein"],"jetpack_publicize_connections":[],"jetpack_featured_media_url":"","jetpack_sharing_enabled":true,"jetpack_shortlink":"https:\/\/wp.me\/p9Syja-zn","_links":{"self":[{"href":"https:\/\/www.djk-erlangen.de\/verein\/index.php?rest_route=\/wp\/v2\/posts\/2193","targetHints":{"allow":["GET"]}}],"collection":[{"href":"https:\/\/www.djk-erlangen.de\/verein\/index.php?rest_route=\/wp\/v2\/posts"}],"about":[{"href":"https:\/\/www.djk-erlangen.de\/verein\/index.php?rest_route=\/wp\/v2\/types\/post"}],"author":[{"embeddable":true,"href":"https:\/\/www.djk-erlangen.de\/verein\/index.php?rest_route=\/wp\/v2\/users\/12"}],"replies":[{"embeddable":true,"href":"https:\/\/www.djk-erlangen.de\/verein\/index.php?rest_route=%2Fwp%2Fv2%2Fcomments&post=2193"}],"version-history":[{"count":4,"href":"https:\/\/www.djk-erlangen.de\/verein\/index.php?rest_route=\/wp\/v2\/posts\/2193\/revisions"}],"predecessor-version":[{"id":2201,"href":"https:\/\/www.djk-erlangen.de\/verein\/index.php?rest_route=\/wp\/v2\/posts\/2193\/revisions\/2201"}],"wp:attachment":[{"href":"https:\/\/www.djk-erlangen.de\/verein\/index.php?rest_route=%2Fwp%2Fv2%2Fmedia&parent=2193"}],"wp:term":[{"taxonomy":"category","embeddable":true,"href":"https:\/\/www.djk-erlangen.de\/verein\/index.php?rest_route=%2Fwp%2Fv2%2Fcategories&post=2193"},{"taxonomy":"post_tag","embeddable":true,"href":"https:\/\/www.djk-erlangen.de\/verein\/index.php?rest_route=%2Fwp%2Fv2%2Ftags&post=2193"}],"curies":[{"name":"wp","href":"https:\/\/api.w.org\/{rel}","templated":true}]}}