{"id":2110,"date":"2018-05-19T19:57:38","date_gmt":"2018-05-19T17:57:38","guid":{"rendered":"http:\/\/www.djk-erlangen.de\/verein\/?p=2110"},"modified":"2018-05-19T19:57:38","modified_gmt":"2018-05-19T17:57:38","slug":"die-djk-erlangen-trauert-um-heinz-hafenbraedl","status":"publish","type":"post","link":"https:\/\/www.djk-erlangen.de\/verein\/?p=2110","title":{"rendered":"Die DJK Erlangen trauert um Heinz Hafenbr\u00e4dl"},"content":{"rendered":"<p>Am 12.05.2018 verstarb Heinz Hafenbr\u00e4dl.<\/p>\n<p>Mit gro\u00dfer Dankbarkeit und Verbundenheit gedenken wir einem gro\u00dfen G\u00f6nner unserer Fu\u00dfballjugend, der uns unvergessen bleiben wird.<\/p>\n<p>Wenn es seine Gesundheit zulie\u00df, nahm er regen Anteil am Spielbetrieb der Fu\u00dfballjugend.<\/p>\n<p>Heinz, Du wirst uns fehlen!<\/p>\n<p>Die DJK Erlangen spricht den Angeh\u00f6rigen ihr tiefstes Mitgef\u00fchl aus.<\/p>\n","protected":false},"excerpt":{"rendered":"<p>Am 12.05.2018 verstarb Heinz Hafenbr\u00e4dl. Mit gro\u00dfer Dankbarkeit und Verbundenheit gedenken wir einem gro\u00dfen G\u00f6nner unserer Fu\u00dfballjugend, der uns unvergessen bleiben wird. Wenn es seine Gesundheit zulie\u00df, nahm er regen Anteil am Spielbetrieb der Fu\u00dfballjugend. Heinz, Du wirst uns fehlen! &hellip; <a href=\"https:\/\/www.djk-erlangen.de\/verein\/?p=2110\">Weiterlesen <span class=\"meta-nav\">&rarr;<\/span><\/a><\/p>\n","protected":false},"author":7,"featured_media":0,"comment_status":"open","ping_status":"open","sticky":false,"template":"","format":"standard","meta":{"jetpack_post_was_ever_published":false,"_jetpack_newsletter_access":"","_jetpack_dont_email_post_to_subs":false,"_jetpack_newsletter_tier_id":0,"_jetpack_memberships_contains_paywalled_content":false,"_jetpack_memberships_contains_paid_content":false,"footnotes":"","jetpack_publicize_message":"","jetpack_publicize_feature_enabled":true,"jetpack_social_post_already_shared":true,"jetpack_social_options":{"image_generator_settings":{"template":"highway","default_image_id":0,"font":"","enabled":false},"version":2}},"categories":[1],"tags":[],"class_list":["post-2110","post","type-post","status-publish","format-standard","hentry","category-allgemein"],"jetpack_publicize_connections":[],"jetpack_featured_media_url":"","jetpack_sharing_enabled":true,"jetpack_shortlink":"https:\/\/wp.me\/p9Syja-y2","_links":{"self":[{"href":"https:\/\/www.djk-erlangen.de\/verein\/index.php?rest_route=\/wp\/v2\/posts\/2110","targetHints":{"allow":["GET"]}}],"collection":[{"href":"https:\/\/www.djk-erlangen.de\/verein\/index.php?rest_route=\/wp\/v2\/posts"}],"about":[{"href":"https:\/\/www.djk-erlangen.de\/verein\/index.php?rest_route=\/wp\/v2\/types\/post"}],"author":[{"embeddable":true,"href":"https:\/\/www.djk-erlangen.de\/verein\/index.php?rest_route=\/wp\/v2\/users\/7"}],"replies":[{"embeddable":true,"href":"https:\/\/www.djk-erlangen.de\/verein\/index.php?rest_route=%2Fwp%2Fv2%2Fcomments&post=2110"}],"version-history":[{"count":1,"href":"https:\/\/www.djk-erlangen.de\/verein\/index.php?rest_route=\/wp\/v2\/posts\/2110\/revisions"}],"predecessor-version":[{"id":2111,"href":"https:\/\/www.djk-erlangen.de\/verein\/index.php?rest_route=\/wp\/v2\/posts\/2110\/revisions\/2111"}],"wp:attachment":[{"href":"https:\/\/www.djk-erlangen.de\/verein\/index.php?rest_route=%2Fwp%2Fv2%2Fmedia&parent=2110"}],"wp:term":[{"taxonomy":"category","embeddable":true,"href":"https:\/\/www.djk-erlangen.de\/verein\/index.php?rest_route=%2Fwp%2Fv2%2Fcategories&post=2110"},{"taxonomy":"post_tag","embeddable":true,"href":"https:\/\/www.djk-erlangen.de\/verein\/index.php?rest_route=%2Fwp%2Fv2%2Ftags&post=2110"}],"curies":[{"name":"wp","href":"https:\/\/api.w.org\/{rel}","templated":true}]}}