{"id":2065,"date":"2018-03-18T20:32:32","date_gmt":"2018-03-18T19:32:32","guid":{"rendered":"http:\/\/www.djk-erlangen.de\/verein\/?p=2065"},"modified":"2018-03-18T20:32:32","modified_gmt":"2018-03-18T19:32:32","slug":"jahreshauptversammlung-gesamtverein-am-20-4-18","status":"publish","type":"post","link":"https:\/\/www.djk-erlangen.de\/verein\/?p=2065","title":{"rendered":"Jahreshauptversammlung Gesamtverein am 20.4.18"},"content":{"rendered":"<h2><strong>Einladung zur Jahreshauptversammlung 2018<\/strong><\/h2>\n<h3><\/h3>\n<h3><strong>Freitag 20.April 2018 um 19.30 Uhr im DJK-Saal<\/strong><\/h3>\n<p>&nbsp;<\/p>\n<p><strong>Tagesordnung:<\/strong><\/p>\n<ol>\n<li>Kurzbericht der Vorstandschaft und der Abteilungen<\/li>\n<li>Kassenbericht<\/li>\n<li>Bericht der Kassenpr\u00fcfer<\/li>\n<li>Aussprache zu den Berichten<\/li>\n<li>Vereinsentwicklung DJK \u201eGemeinsam -Verein sein\u201c<\/li>\n<\/ol>\n<p style=\"padding-left: 30px;\">2021 wird die DJK Erlangen 100 Jahre alt \u2013 um zu verhindern dass das eine Abschiedsparty wird, gilt es jetzt mit einer Vereinsentwicklung\u00a0 zu starten. \u00dcber die Notwendigkeit und die M\u00f6glichkeit eines Erhaltungs- und Gestaltungsprozesses gilt es ins Gespr\u00e4ch zu kommen<\/p>\n<ol start=\"6\">\n<li>Bildung des Wahlausschusses<\/li>\n<li>Entlastung der Vorstandschaft<\/li>\n<li>Neuwahlen<\/li>\n<li>.Antr\u00e4ge, Aussprache, Verschiedenes<\/li>\n<\/ol>\n<p>Antr\u00e4ge zu Punkten der Tagesordnung m\u00fcssen gem\u00e4\u00df Satzung bis 13. April 2018, 7 Tage vor dem Termin der Mitgliederversammlung, schriftlich beim 1. Vorsitzenden eingereicht werden.<\/p>\n<p>Die endg\u00fcltige Tagesordnung wird sp\u00e4testens 5 Tage vor dem Versam\u00admlungs\u00adtermin, d.h. sp\u00e4testens am 15.April 2018 durch Aushang am Vereinsheim sowie auf der Homepage des Vereins (<a href=\"http:\/\/www.djk-erlangen.de\">www.djk-erlangen.de<\/a>) ver\u00f6ffentlicht.<\/p>\n<p><strong>Ihre Vorstandschaft <\/strong><\/p>\n<p><strong>\u00a0<\/strong><\/p>\n","protected":false},"excerpt":{"rendered":"<p>Einladung zur Jahreshauptversammlung 2018 Freitag 20.April 2018 um 19.30 Uhr im DJK-Saal &nbsp; Tagesordnung: Kurzbericht der Vorstandschaft und der Abteilungen Kassenbericht Bericht der Kassenpr\u00fcfer Aussprache zu den Berichten Vereinsentwicklung DJK \u201eGemeinsam -Verein sein\u201c 2021 wird die DJK Erlangen 100 Jahre &hellip; <a href=\"https:\/\/www.djk-erlangen.de\/verein\/?p=2065\">Weiterlesen <span class=\"meta-nav\">&rarr;<\/span><\/a><\/p>\n","protected":false},"author":12,"featured_media":0,"comment_status":"closed","ping_status":"closed","sticky":false,"template":"","format":"standard","meta":{"jetpack_post_was_ever_published":false,"_jetpack_newsletter_access":"","_jetpack_dont_email_post_to_subs":false,"_jetpack_newsletter_tier_id":0,"_jetpack_memberships_contains_paywalled_content":false,"_jetpack_memberships_contains_paid_content":false,"footnotes":"","jetpack_publicize_message":"","jetpack_publicize_feature_enabled":true,"jetpack_social_post_already_shared":false,"jetpack_social_options":{"image_generator_settings":{"template":"highway","default_image_id":0,"font":"","enabled":false},"version":2}},"categories":[1],"tags":[],"class_list":["post-2065","post","type-post","status-publish","format-standard","hentry","category-allgemein"],"jetpack_publicize_connections":[],"jetpack_featured_media_url":"","jetpack_sharing_enabled":true,"jetpack_shortlink":"https:\/\/wp.me\/p9Syja-xj","_links":{"self":[{"href":"https:\/\/www.djk-erlangen.de\/verein\/index.php?rest_route=\/wp\/v2\/posts\/2065","targetHints":{"allow":["GET"]}}],"collection":[{"href":"https:\/\/www.djk-erlangen.de\/verein\/index.php?rest_route=\/wp\/v2\/posts"}],"about":[{"href":"https:\/\/www.djk-erlangen.de\/verein\/index.php?rest_route=\/wp\/v2\/types\/post"}],"author":[{"embeddable":true,"href":"https:\/\/www.djk-erlangen.de\/verein\/index.php?rest_route=\/wp\/v2\/users\/12"}],"replies":[{"embeddable":true,"href":"https:\/\/www.djk-erlangen.de\/verein\/index.php?rest_route=%2Fwp%2Fv2%2Fcomments&post=2065"}],"version-history":[{"count":2,"href":"https:\/\/www.djk-erlangen.de\/verein\/index.php?rest_route=\/wp\/v2\/posts\/2065\/revisions"}],"predecessor-version":[{"id":2067,"href":"https:\/\/www.djk-erlangen.de\/verein\/index.php?rest_route=\/wp\/v2\/posts\/2065\/revisions\/2067"}],"wp:attachment":[{"href":"https:\/\/www.djk-erlangen.de\/verein\/index.php?rest_route=%2Fwp%2Fv2%2Fmedia&parent=2065"}],"wp:term":[{"taxonomy":"category","embeddable":true,"href":"https:\/\/www.djk-erlangen.de\/verein\/index.php?rest_route=%2Fwp%2Fv2%2Fcategories&post=2065"},{"taxonomy":"post_tag","embeddable":true,"href":"https:\/\/www.djk-erlangen.de\/verein\/index.php?rest_route=%2Fwp%2Fv2%2Ftags&post=2065"}],"curies":[{"name":"wp","href":"https:\/\/api.w.org\/{rel}","templated":true}]}}