{"id":2017,"date":"2017-11-14T17:57:11","date_gmt":"2017-11-14T16:57:11","guid":{"rendered":"http:\/\/www.djk-erlangen.de\/verein\/?p=2017"},"modified":"2017-11-15T17:52:58","modified_gmt":"2017-11-15T16:52:58","slug":"die-djk-trauert-um-helmut-rau","status":"publish","type":"post","link":"https:\/\/www.djk-erlangen.de\/verein\/?p=2017","title":{"rendered":"Die DJK trauert um Helmut Rau"},"content":{"rendered":"<p>Am Martinstag verstarb mit Helmut Rau ein Urgestein unseres Vereins.<\/p>\n<p>Helmut war 1951 unter den jungen M\u00e4nnern die unseren Verein nach dem Krieg wiedergr\u00fcndeten.<\/p>\n<p>Er pr\u00e4gte zun\u00e4chst als aktiver Spieler, sp\u00e4ter als Betreuer, Jugendleiter und schlie\u00dflich Abteilungsleiter die Fu\u00dfballabteilung unseres Vereins.<\/p>\n<p>Daneben brachte er sein berufliches Wissen und seine Kontakte gewinnbringend in den Bau unseres Vereinsheims ein. Vieles was wir heute noch bewundern an Ideen und Umsetzungen ist seinem tatkr\u00e4ftigen Einsatz zu verdanken.<\/p>\n<p>Helmut Rau pr\u00e4gte auch viele Generationen DJK Fu\u00dfballer, er hatte das DJK Gen und gab es vielen, die auch heute noch im Verein an verschiedenen Stellen t\u00e4tig sind, weiter.<\/p>\n<p>Zum Dank f\u00fcr sein Wirken ernannte ihn der Verein zum Ehrenmitglied.<\/p>\n<p>Wenn es seine Gesundheit zulie\u00df kam er zu seiner DJK um den Fu\u00dfballern zuzuschauen oder mit dem Verein zu feiern.<\/p>\n<p>Helmut, Du wirst uns fehlen!<\/p>\n<p>&nbsp;<\/p>\n","protected":false},"excerpt":{"rendered":"<p>Am Martinstag verstarb mit Helmut Rau ein Urgestein unseres Vereins. Helmut war 1951 unter den jungen M\u00e4nnern die unseren Verein nach dem Krieg wiedergr\u00fcndeten. Er pr\u00e4gte zun\u00e4chst als aktiver Spieler, sp\u00e4ter als Betreuer, Jugendleiter und schlie\u00dflich Abteilungsleiter die Fu\u00dfballabteilung unseres &hellip; <a href=\"https:\/\/www.djk-erlangen.de\/verein\/?p=2017\">Weiterlesen <span class=\"meta-nav\">&rarr;<\/span><\/a><\/p>\n","protected":false},"author":12,"featured_media":0,"comment_status":"open","ping_status":"open","sticky":false,"template":"","format":"standard","meta":{"jetpack_post_was_ever_published":false,"_jetpack_newsletter_access":"","_jetpack_dont_email_post_to_subs":false,"_jetpack_newsletter_tier_id":0,"_jetpack_memberships_contains_paywalled_content":false,"_jetpack_memberships_contains_paid_content":false,"footnotes":"","jetpack_publicize_message":"","jetpack_publicize_feature_enabled":true,"jetpack_social_post_already_shared":false,"jetpack_social_options":{"image_generator_settings":{"template":"highway","default_image_id":0,"font":"","enabled":false},"version":2}},"categories":[1],"tags":[],"class_list":["post-2017","post","type-post","status-publish","format-standard","hentry","category-allgemein"],"jetpack_publicize_connections":[],"jetpack_featured_media_url":"","jetpack_sharing_enabled":true,"jetpack_shortlink":"https:\/\/wp.me\/p9Syja-wx","_links":{"self":[{"href":"https:\/\/www.djk-erlangen.de\/verein\/index.php?rest_route=\/wp\/v2\/posts\/2017","targetHints":{"allow":["GET"]}}],"collection":[{"href":"https:\/\/www.djk-erlangen.de\/verein\/index.php?rest_route=\/wp\/v2\/posts"}],"about":[{"href":"https:\/\/www.djk-erlangen.de\/verein\/index.php?rest_route=\/wp\/v2\/types\/post"}],"author":[{"embeddable":true,"href":"https:\/\/www.djk-erlangen.de\/verein\/index.php?rest_route=\/wp\/v2\/users\/12"}],"replies":[{"embeddable":true,"href":"https:\/\/www.djk-erlangen.de\/verein\/index.php?rest_route=%2Fwp%2Fv2%2Fcomments&post=2017"}],"version-history":[{"count":4,"href":"https:\/\/www.djk-erlangen.de\/verein\/index.php?rest_route=\/wp\/v2\/posts\/2017\/revisions"}],"predecessor-version":[{"id":2021,"href":"https:\/\/www.djk-erlangen.de\/verein\/index.php?rest_route=\/wp\/v2\/posts\/2017\/revisions\/2021"}],"wp:attachment":[{"href":"https:\/\/www.djk-erlangen.de\/verein\/index.php?rest_route=%2Fwp%2Fv2%2Fmedia&parent=2017"}],"wp:term":[{"taxonomy":"category","embeddable":true,"href":"https:\/\/www.djk-erlangen.de\/verein\/index.php?rest_route=%2Fwp%2Fv2%2Fcategories&post=2017"},{"taxonomy":"post_tag","embeddable":true,"href":"https:\/\/www.djk-erlangen.de\/verein\/index.php?rest_route=%2Fwp%2Fv2%2Ftags&post=2017"}],"curies":[{"name":"wp","href":"https:\/\/api.w.org\/{rel}","templated":true}]}}