{"id":2000,"date":"2017-09-17T20:24:47","date_gmt":"2017-09-17T18:24:47","guid":{"rendered":"http:\/\/www.djk-erlangen.de\/verein\/?p=2000"},"modified":"2018-09-12T17:41:25","modified_gmt":"2018-09-12T15:41:25","slug":"die-djk-erlangen-hat-einen-fussball-weltmeister","status":"publish","type":"post","link":"https:\/\/www.djk-erlangen.de\/verein\/?p=2000","title":{"rendered":"die DJK Erlangen hat einen Fu\u00dfball-Weltmeister"},"content":{"rendered":"<p>Deutschland ist Fu\u00dfball Weltmeister,<\/p>\n<p>nicht nur bei den Profis in Brasilien, sondern auch bei den Kleinw\u00fcchsigen in Kanada,<\/p>\n<p>und mittendrin unser Marib Aldois.<\/p>\n<p>Bei den World Dwarf Games, den Weltspielen f\u00fcr Kleinw\u00fcchsige gewann Deutschland ungeschlagen den Fu\u00dfballtitel<\/p>\n<p>Marib erzielte f\u00fcr das deutsche Team nicht nur 6 Tore sondern bereite in den 8 Turnierspielen sagenhafte 23 Tore vor !<\/p>\n<p>Damit war er der Garant f\u00fcr den Titelgewinn !<\/p>\n<p>Herzlichen Gl\u00fcckw\u00fcnsch Marib !<\/p>\n<p>&nbsp;<\/p>\n<p>Dass Marib einer von der schnellen Sorte ist bewies er zudem mit 2 Leichtathletik Goldmedalien \u00fcber 200m und in der 4&#215;100 Meter Staffel.<\/p>\n<p>Den Erlanger Nachrichten war der Erfolg zwei gro\u00dfe Artikel wert &#8211; vielleicht lockt der frischgebackene Weltmeister ja ein paar Fans zum n\u00e4chsten A-Klassen Heimspiel.<\/p>\n<p>Und jetzt hat auch noch der bayerischer Rundfunk dar\u00fcber berichtet, f\u00fcr alle die es verpasst haben, hier der Beitrag der Abendschau<\/p>\n<div style=\"width: 584px;\" class=\"wp-video\"><video class=\"wp-video-shortcode\" id=\"video-2000-1\" width=\"584\" height=\"329\" preload=\"metadata\" controls=\"controls\"><source type=\"video\/mp4\" src=\"http:\/\/www.djk-erlangen.de\/verein\/wp-content\/uploads\/2017\/08\/da89d9a3-d281-4443-b1b5-6f758adaad78_C.mp4?_=1\" \/><a href=\"http:\/\/www.djk-erlangen.de\/verein\/wp-content\/uploads\/2017\/08\/da89d9a3-d281-4443-b1b5-6f758adaad78_C.mp4\">http:\/\/www.djk-erlangen.de\/verein\/wp-content\/uploads\/2017\/08\/da89d9a3-d281-4443-b1b5-6f758adaad78_C.mp4<\/a><\/video><\/div>\n","protected":false},"excerpt":{"rendered":"<p>Deutschland ist Fu\u00dfball Weltmeister, nicht nur bei den Profis in Brasilien, sondern auch bei den Kleinw\u00fcchsigen in Kanada, und mittendrin unser Marib Aldois. Bei den World Dwarf Games, den Weltspielen f\u00fcr Kleinw\u00fcchsige gewann Deutschland ungeschlagen den Fu\u00dfballtitel Marib erzielte f\u00fcr &hellip; <a href=\"https:\/\/www.djk-erlangen.de\/verein\/?p=2000\">Weiterlesen <span class=\"meta-nav\">&rarr;<\/span><\/a><\/p>\n","protected":false},"author":12,"featured_media":0,"comment_status":"closed","ping_status":"closed","sticky":false,"template":"","format":"standard","meta":{"jetpack_post_was_ever_published":false,"_jetpack_newsletter_access":"","_jetpack_dont_email_post_to_subs":false,"_jetpack_newsletter_tier_id":0,"_jetpack_memberships_contains_paywalled_content":false,"_jetpack_memberships_contains_paid_content":false,"footnotes":"","jetpack_publicize_message":"","jetpack_publicize_feature_enabled":true,"jetpack_social_post_already_shared":false,"jetpack_social_options":{"image_generator_settings":{"template":"highway","default_image_id":0,"font":"","enabled":false},"version":2}},"categories":[1],"tags":[],"class_list":["post-2000","post","type-post","status-publish","format-standard","hentry","category-allgemein"],"jetpack_publicize_connections":[],"jetpack_featured_media_url":"","jetpack_sharing_enabled":true,"jetpack_shortlink":"https:\/\/wp.me\/p9Syja-wg","_links":{"self":[{"href":"https:\/\/www.djk-erlangen.de\/verein\/index.php?rest_route=\/wp\/v2\/posts\/2000","targetHints":{"allow":["GET"]}}],"collection":[{"href":"https:\/\/www.djk-erlangen.de\/verein\/index.php?rest_route=\/wp\/v2\/posts"}],"about":[{"href":"https:\/\/www.djk-erlangen.de\/verein\/index.php?rest_route=\/wp\/v2\/types\/post"}],"author":[{"embeddable":true,"href":"https:\/\/www.djk-erlangen.de\/verein\/index.php?rest_route=\/wp\/v2\/users\/12"}],"replies":[{"embeddable":true,"href":"https:\/\/www.djk-erlangen.de\/verein\/index.php?rest_route=%2Fwp%2Fv2%2Fcomments&post=2000"}],"version-history":[{"count":3,"href":"https:\/\/www.djk-erlangen.de\/verein\/index.php?rest_route=\/wp\/v2\/posts\/2000\/revisions"}],"predecessor-version":[{"id":2005,"href":"https:\/\/www.djk-erlangen.de\/verein\/index.php?rest_route=\/wp\/v2\/posts\/2000\/revisions\/2005"}],"wp:attachment":[{"href":"https:\/\/www.djk-erlangen.de\/verein\/index.php?rest_route=%2Fwp%2Fv2%2Fmedia&parent=2000"}],"wp:term":[{"taxonomy":"category","embeddable":true,"href":"https:\/\/www.djk-erlangen.de\/verein\/index.php?rest_route=%2Fwp%2Fv2%2Fcategories&post=2000"},{"taxonomy":"post_tag","embeddable":true,"href":"https:\/\/www.djk-erlangen.de\/verein\/index.php?rest_route=%2Fwp%2Fv2%2Ftags&post=2000"}],"curies":[{"name":"wp","href":"https:\/\/api.w.org\/{rel}","templated":true}]}}